{"id":10071,"date":"2024-02-01T10:00:00","date_gmt":"2024-02-01T09:00:00","guid":{"rendered":"http:\/\/pleinformat.free.fr\/?p=10071"},"modified":"2026-05-06T10:40:57","modified_gmt":"2026-05-06T08:40:57","slug":"villeurbanne-oubliee-28","status":"publish","type":"post","link":"https:\/\/pleinformat.pages-perso.free.fr\/index.php\/villeurbanne-oubliee-28\/","title":{"rendered":"Villeurbanne oubli\u00e9e"},"content":{"rendered":"\n<p class=\"wp-block-paragraph\">Notre environnement urbain \u00e9volue sans cesse. Sous l\u2019effet de la pression urbanistique les quartiers se transforment au rythme des d\u00e9molitions, modifications, requalifications, constructions. En conservant une trace num\u00e9rique de l\u2019histoire des lieux, cette rubrique veut \u00eatre un t\u00e9moignage du pass\u00e9 architectural de Villeurbanne (Rh\u00f4ne), pass\u00e9 oubli\u00e9 et pourtant si proche. Les images publi\u00e9es sous cette rubrique sont archiv\u00e9es dans la galerie&nbsp;<a href=\"https:\/\/pleinformat.pages-perso.free.fr\/index.php\/galeries\/villeurbanne-oubliee\/\">\u00ab&nbsp;Villeurbanne oubli\u00e9e&nbsp;\u00bb<\/a>.<\/p>\n\n\n<div id=\"attachment_10070\" style=\"width: 1010px\" class=\"wp-caption alignleft\"><a href=\"https:\/\/pleinformat.pages-perso.free.fr\/index.php\/galeries\/villeurbanne-oubliee\/\"><img loading=\"lazy\" decoding=\"async\" aria-describedby=\"caption-attachment-10070\" class=\"wp-image-10070 size-full\" src=\"https:\/\/pleinformat.pages-perso.free.fr\/wp-content\/uploads\/2024\/01\/DSE_1369_Web.jpg\" alt=\"Villeurbanne - rue Charles Perrault\" width=\"1000\" height=\"667\" srcset=\"https:\/\/pleinformat.pages-perso.free.fr\/wp-content\/uploads\/2024\/01\/DSE_1369_Web.jpg 1000w, https:\/\/pleinformat.pages-perso.free.fr\/wp-content\/uploads\/2024\/01\/DSE_1369_Web-300x200.jpg 300w, https:\/\/pleinformat.pages-perso.free.fr\/wp-content\/uploads\/2024\/01\/DSE_1369_Web-768x512.jpg 768w\" sizes=\"auto, (max-width: 1000px) 100vw, 1000px\" \/><\/a><p id=\"caption-attachment-10070\" class=\"wp-caption-text\">1 f\u00e9vrier 2024: 2 rue Charles Perrault en mars 2014. Ces garages au n\u00b0 2, une entreprise d&rsquo;import-export en habillement et chaussures ARTEXTYL aux 4 et 6, une maison individuelle au 8, ont fait place \u00e0 un ensemble immobilier contemporain \u00ab\u00a0Green Light\u00a0\u00bb de 64 logements collectifs dont 14 sociaux.<\/p><\/div>","protected":false},"excerpt":{"rendered":"<p>Notre environnement urbain \u00e9volue sans cesse. Sous l\u2019effet de la pression urbanistique les quartiers se transforment au rythme des d\u00e9molitions, modifications, requalifications, constructions. En conservant une trace num\u00e9rique de l\u2019histoire des lieux, cette rubrique veut \u00eatre un t\u00e9moignage du pass\u00e9 <a class=\"more-link\" href=\"https:\/\/pleinformat.pages-perso.free.fr\/index.php\/villeurbanne-oubliee-28\/\">Lire plus &#8230;<\/a><\/p>\n","protected":false},"author":1,"featured_media":0,"comment_status":"closed","ping_status":"closed","sticky":false,"template":"","format":"standard","meta":{"footnotes":""},"categories":[5],"tags":[],"class_list":["post-10071","post","type-post","status-publish","format-standard","hentry","category-52-a-la-une"],"_links":{"self":[{"href":"https:\/\/pleinformat.pages-perso.free.fr\/index.php\/wp-json\/wp\/v2\/posts\/10071","targetHints":{"allow":["GET"]}}],"collection":[{"href":"https:\/\/pleinformat.pages-perso.free.fr\/index.php\/wp-json\/wp\/v2\/posts"}],"about":[{"href":"https:\/\/pleinformat.pages-perso.free.fr\/index.php\/wp-json\/wp\/v2\/types\/post"}],"author":[{"embeddable":true,"href":"https:\/\/pleinformat.pages-perso.free.fr\/index.php\/wp-json\/wp\/v2\/users\/1"}],"replies":[{"embeddable":true,"href":"https:\/\/pleinformat.pages-perso.free.fr\/index.php\/wp-json\/wp\/v2\/comments?post=10071"}],"version-history":[{"count":0,"href":"https:\/\/pleinformat.pages-perso.free.fr\/index.php\/wp-json\/wp\/v2\/posts\/10071\/revisions"}],"wp:attachment":[{"href":"https:\/\/pleinformat.pages-perso.free.fr\/index.php\/wp-json\/wp\/v2\/media?parent=10071"}],"wp:term":[{"taxonomy":"category","embeddable":true,"href":"https:\/\/pleinformat.pages-perso.free.fr\/index.php\/wp-json\/wp\/v2\/categories?post=10071"},{"taxonomy":"post_tag","embeddable":true,"href":"https:\/\/pleinformat.pages-perso.free.fr\/index.php\/wp-json\/wp\/v2\/tags?post=10071"}],"curies":[{"name":"wp","href":"https:\/\/api.w.org\/{rel}","templated":true}]}}