{"id":10085,"date":"2024-03-04T10:00:00","date_gmt":"2024-03-04T09:00:00","guid":{"rendered":"http:\/\/pleinformat.free.fr\/?p=10085"},"modified":"2026-05-06T09:40:59","modified_gmt":"2026-05-06T07:40:59","slug":"villeurbanne-oubliee-29","status":"publish","type":"post","link":"https:\/\/pleinformat.pages-perso.free.fr\/index.php\/villeurbanne-oubliee-29\/","title":{"rendered":"Villeurbanne oubli\u00e9e"},"content":{"rendered":"\n<p class=\"wp-block-paragraph\">Notre environnement urbain \u00e9volue sans cesse. Sous l\u2019effet de la pression urbanistique les quartiers se transforment au rythme des d\u00e9molitions, modifications, requalifications, constructions. En conservant une trace num\u00e9rique de l\u2019histoire des lieux, cette rubrique veut \u00eatre un t\u00e9moignage du pass\u00e9 architectural de Villeurbanne (Rh\u00f4ne), pass\u00e9 oubli\u00e9 et pourtant si proche. Les images publi\u00e9es sous cette rubrique sont archiv\u00e9es dans la galerie\u00a0<a href=\"https:\/\/pleinformat.pages-perso.free.fr\/index.php\/galeries\/villeurbanne-oubliee\/\">\u00ab\u00a0Villeurbanne oubli\u00e9e\u00a0\u00bb<\/a><\/p>\n\n\n<div id=\"attachment_10082\" style=\"width: 1010px\" class=\"wp-caption alignleft\"><img loading=\"lazy\" decoding=\"async\" aria-describedby=\"caption-attachment-10082\" class=\"size-full wp-image-10082\" src=\"http:\/\/pleinformat.free.fr\/wp-content\/uploads\/2024\/01\/DTB_5733_Web.jpg\" alt=\"Villeurbanne - Rue Ch\u00e2teau-Gaillard - L'Imp\u00e9rial\" width=\"1000\" height=\"562\" srcset=\"https:\/\/pleinformat.pages-perso.free.fr\/wp-content\/uploads\/2024\/01\/DTB_5733_Web.jpg 1000w, https:\/\/pleinformat.pages-perso.free.fr\/wp-content\/uploads\/2024\/01\/DTB_5733_Web-300x169.jpg 300w, https:\/\/pleinformat.pages-perso.free.fr\/wp-content\/uploads\/2024\/01\/DTB_5733_Web-768x432.jpg 768w, https:\/\/pleinformat.pages-perso.free.fr\/wp-content\/uploads\/2024\/01\/DTB_5733_Web-400x225.jpg 400w, https:\/\/pleinformat.pages-perso.free.fr\/wp-content\/uploads\/2024\/01\/DTB_5733_Web-860x484.jpg 860w\" sizes=\"auto, (max-width: 1000px) 100vw, 1000px\" \/><p id=\"caption-attachment-10082\" class=\"wp-caption-text\">4 mars 2024: 148-150 rue Ch\u00e2teau-Gaillard en mai 2020, avant la construction de la r\u00e9sidence \u00ab\u00a0L&rsquo;Imp\u00e9rial\u00a0\u00bb, du nom du cin\u00e9ma qui se situait ici entre 1920 et 1960. Villeurbanne comptait alors 17 salles. Aujourd&rsquo;hui ne subsiste que le Zola (anciennement Family).<\/p><\/div>\n<div id=\"attachment_10084\" style=\"width: 1010px\" class=\"wp-caption alignleft\"><img loading=\"lazy\" decoding=\"async\" aria-describedby=\"caption-attachment-10084\" class=\"size-full wp-image-10084\" src=\"http:\/\/pleinformat.free.fr\/wp-content\/uploads\/2024\/01\/DTB_5734_Web.jpg\" alt=\"Villeurbanne - Rue Ch\u00e2teau-Gaillard - L'Imp\u00e9rial\" width=\"1000\" height=\"667\" srcset=\"https:\/\/pleinformat.pages-perso.free.fr\/wp-content\/uploads\/2024\/01\/DTB_5734_Web.jpg 1000w, https:\/\/pleinformat.pages-perso.free.fr\/wp-content\/uploads\/2024\/01\/DTB_5734_Web-300x200.jpg 300w, https:\/\/pleinformat.pages-perso.free.fr\/wp-content\/uploads\/2024\/01\/DTB_5734_Web-768x512.jpg 768w\" sizes=\"auto, (max-width: 1000px) 100vw, 1000px\" \/><p id=\"caption-attachment-10084\" class=\"wp-caption-text\">4 mars 2024: 150 rue Ch\u00e2teau-Gaillard en mai 2020. Aujourd&rsquo;hui la r\u00e9sidence l&rsquo;Imp\u00e9rial, du nom du cin\u00e9ma qui se situait ici entre 1920 et 1960, occupe l&rsquo;espace. Villeurbanne comptait alors 17 salles. Aujourd&rsquo;hui ne subsiste que le Zola (anciennement Family).<\/p><\/div>\n<div id=\"attachment_10083\" style=\"width: 677px\" class=\"wp-caption alignleft\"><img loading=\"lazy\" decoding=\"async\" aria-describedby=\"caption-attachment-10083\" class=\"size-full wp-image-10083\" src=\"http:\/\/pleinformat.free.fr\/wp-content\/uploads\/2024\/01\/DTB_5785_Web.jpg\" alt=\"Villeurbanne - Rue Ch\u00e2teau-Gaillard - L'Imp\u00e9rial\" width=\"667\" height=\"1000\" srcset=\"https:\/\/pleinformat.pages-perso.free.fr\/wp-content\/uploads\/2024\/01\/DTB_5785_Web.jpg 667w, https:\/\/pleinformat.pages-perso.free.fr\/wp-content\/uploads\/2024\/01\/DTB_5785_Web-200x300.jpg 200w\" sizes=\"auto, (max-width: 667px) 100vw, 667px\" \/><p id=\"caption-attachment-10083\" class=\"wp-caption-text\">4 mars 2024: 150 rue Ch\u00e2teau-Gaillard en mai 2020. A droite l&rsquo;immeuble du 3 rue Flachet. A sa gauche l&rsquo;ancienne imprimerie Marchandeau\u00a0\u00bb du 5 rue Flachet. Aujourd&rsquo;hui la r\u00e9sidence l&rsquo;Imp\u00e9rial, du nom du cin\u00e9ma qui se situait ici entre 1920 et 1960, occupe l&rsquo;espace. Villeurbanne comptait alors 17 salles. Aujourd&rsquo;hui ne subsiste que le Zola (anciennement Family).<\/p><\/div>","protected":false},"excerpt":{"rendered":"<p>Notre environnement urbain \u00e9volue sans cesse. Sous l\u2019effet de la pression urbanistique les quartiers se transforment au rythme des d\u00e9molitions, modifications, requalifications, constructions. En conservant une trace num\u00e9rique de l\u2019histoire des lieux, cette rubrique veut \u00eatre un t\u00e9moignage du pass\u00e9 <a class=\"more-link\" href=\"https:\/\/pleinformat.pages-perso.free.fr\/index.php\/villeurbanne-oubliee-29\/\">Lire plus &#8230;<\/a><\/p>\n","protected":false},"author":1,"featured_media":0,"comment_status":"closed","ping_status":"closed","sticky":false,"template":"","format":"standard","meta":{"footnotes":""},"categories":[5],"tags":[],"class_list":["post-10085","post","type-post","status-publish","format-standard","hentry","category-52-a-la-une"],"_links":{"self":[{"href":"https:\/\/pleinformat.pages-perso.free.fr\/index.php\/wp-json\/wp\/v2\/posts\/10085","targetHints":{"allow":["GET"]}}],"collection":[{"href":"https:\/\/pleinformat.pages-perso.free.fr\/index.php\/wp-json\/wp\/v2\/posts"}],"about":[{"href":"https:\/\/pleinformat.pages-perso.free.fr\/index.php\/wp-json\/wp\/v2\/types\/post"}],"author":[{"embeddable":true,"href":"https:\/\/pleinformat.pages-perso.free.fr\/index.php\/wp-json\/wp\/v2\/users\/1"}],"replies":[{"embeddable":true,"href":"https:\/\/pleinformat.pages-perso.free.fr\/index.php\/wp-json\/wp\/v2\/comments?post=10085"}],"version-history":[{"count":0,"href":"https:\/\/pleinformat.pages-perso.free.fr\/index.php\/wp-json\/wp\/v2\/posts\/10085\/revisions"}],"wp:attachment":[{"href":"https:\/\/pleinformat.pages-perso.free.fr\/index.php\/wp-json\/wp\/v2\/media?parent=10085"}],"wp:term":[{"taxonomy":"category","embeddable":true,"href":"https:\/\/pleinformat.pages-perso.free.fr\/index.php\/wp-json\/wp\/v2\/categories?post=10085"},{"taxonomy":"post_tag","embeddable":true,"href":"https:\/\/pleinformat.pages-perso.free.fr\/index.php\/wp-json\/wp\/v2\/tags?post=10085"}],"curies":[{"name":"wp","href":"https:\/\/api.w.org\/{rel}","templated":true}]}}