{"id":10241,"date":"2024-05-07T10:00:00","date_gmt":"2024-05-07T08:00:00","guid":{"rendered":"http:\/\/pleinformat.free.fr\/?p=10241"},"modified":"2026-05-06T09:39:45","modified_gmt":"2026-05-06T07:39:45","slug":"villeurbanne-oubliee-31","status":"publish","type":"post","link":"https:\/\/pleinformat.pages-perso.free.fr\/index.php\/villeurbanne-oubliee-31\/","title":{"rendered":"Villeurbanne oubli\u00e9e"},"content":{"rendered":"\n<p class=\"wp-block-paragraph\">Notre environnement urbain \u00e9volue sans cesse. Sous l\u2019effet de la pression urbanistique les quartiers se transforment au rythme des d\u00e9molitions, modifications, requalifications, constructions. En conservant une trace num\u00e9rique de l\u2019histoire des lieux, cette rubrique veut \u00eatre un t\u00e9moignage du pass\u00e9 architectural de Villeurbanne (Rh\u00f4ne), pass\u00e9 oubli\u00e9 et pourtant si proche. Les images publi\u00e9es sous cette rubrique sont archiv\u00e9es dans la galerie\u00a0<a href=\"https:\/\/pleinformat.pages-perso.free.fr\/index.php\/galeries\/villeurbanne-oubliee\/\">\u00ab\u00a0Villeurbanne oubli\u00e9e\u00a0\u00bb<\/a><\/p>\n\n\n<div id=\"attachment_10240\" style=\"width: 1010px\" class=\"wp-caption alignleft\"><img loading=\"lazy\" decoding=\"async\" aria-describedby=\"caption-attachment-10240\" class=\"size-full wp-image-10240\" src=\"http:\/\/pleinformat.free.fr\/wp-content\/uploads\/2024\/04\/DSE_0705_Web.jpg\" alt=\"Villeurbanne oubli\u00e9e - Rue Anatole France - Rue Mansard - The Yellow\" width=\"1000\" height=\"667\" srcset=\"https:\/\/pleinformat.pages-perso.free.fr\/wp-content\/uploads\/2024\/04\/DSE_0705_Web.jpg 1000w, https:\/\/pleinformat.pages-perso.free.fr\/wp-content\/uploads\/2024\/04\/DSE_0705_Web-300x200.jpg 300w, https:\/\/pleinformat.pages-perso.free.fr\/wp-content\/uploads\/2024\/04\/DSE_0705_Web-768x512.jpg 768w\" sizes=\"auto, (max-width: 1000px) 100vw, 1000px\" \/><p id=\"caption-attachment-10240\" class=\"wp-caption-text\">7 mai 2024: 45 rue Anatole France (Angle rue Mansard) en janvier 2014. Les ateliers de construction m\u00e9canique Duby &amp; Lozachmeur dont faisait partie cette halle construite en pis\u00e9 de m\u00e2chefer au d\u00e9but des ann\u00e9es 1920, ont \u00e9t\u00e9 un haut lieu d&rsquo;innovation technique. L&#8217;embl\u00e9matique portique conserv\u00e9 au Port Rambaud \u00e0 la Confluence \u00e0 Lyon en est issu. En 2013, le b\u00e2timent \u00e9tait occup\u00e9 par la soci\u00e9t\u00e9 Folghera &amp; Belay sp\u00e9cialis\u00e9e dans les m\u00e9tiers du ravalement de fa\u00e7ades et de la r\u00e9novation. Un programme immobilier d&rsquo;environ 5 450 m\u00b2, livr\u00e9 en 2024, s&rsquo;\u00e9tend sur plus d&rsquo;un hectare et demi et sera compos\u00e9 d&rsquo;ensembles r\u00e9sidentiels, tertiaires et locaux d&rsquo;activit\u00e9s. Le si\u00e8ge social de la soci\u00e9t\u00e9 Alteca, sp\u00e9cialis\u00e9e dans l&rsquo;accompagnement \u00e0 la digitalisation, est compos\u00e9 des deux premiers b\u00e2timents visibles depuis l&rsquo;angle des rues Anatole France et Mansard.<\/p><\/div>\n<div id=\"attachment_10239\" style=\"width: 1010px\" class=\"wp-caption alignleft\"><img loading=\"lazy\" decoding=\"async\" aria-describedby=\"caption-attachment-10239\" class=\"size-full wp-image-10239\" src=\"http:\/\/pleinformat.free.fr\/wp-content\/uploads\/2024\/04\/DSE_0704_Web.jpg\" alt=\"Villeurbanne oubli\u00e9e - Rue Anatole France - Rue Mansard - The Yellow\" width=\"1000\" height=\"667\" srcset=\"https:\/\/pleinformat.pages-perso.free.fr\/wp-content\/uploads\/2024\/04\/DSE_0704_Web.jpg 1000w, https:\/\/pleinformat.pages-perso.free.fr\/wp-content\/uploads\/2024\/04\/DSE_0704_Web-300x200.jpg 300w, https:\/\/pleinformat.pages-perso.free.fr\/wp-content\/uploads\/2024\/04\/DSE_0704_Web-768x512.jpg 768w\" sizes=\"auto, (max-width: 1000px) 100vw, 1000px\" \/><p id=\"caption-attachment-10239\" class=\"wp-caption-text\">7 mai 2024: 45 rue Anatole France (Angle rue Mansard) en janvier 2014. R\u00e9alis\u00e9e au printemps 2013 par l&rsquo;artiste The Yellow la fresque \u00ab\u00a0pieuvre\u00a0\u00bb est rest\u00e9e sans \u00eatre d\u00e9grad\u00e9e jusqu&rsquo;\u00e0 la d\u00e9molition du b\u00e2timent en juillet 2021.<\/p><\/div>","protected":false},"excerpt":{"rendered":"<p>Notre environnement urbain \u00e9volue sans cesse. Sous l\u2019effet de la pression urbanistique les quartiers se transforment au rythme des d\u00e9molitions, modifications, requalifications, constructions. En conservant une trace num\u00e9rique de l\u2019histoire des lieux, cette rubrique veut \u00eatre un t\u00e9moignage du pass\u00e9 <a class=\"more-link\" href=\"https:\/\/pleinformat.pages-perso.free.fr\/index.php\/villeurbanne-oubliee-31\/\">Lire plus &#8230;<\/a><\/p>\n","protected":false},"author":1,"featured_media":0,"comment_status":"closed","ping_status":"closed","sticky":false,"template":"","format":"standard","meta":{"footnotes":""},"categories":[5],"tags":[],"class_list":["post-10241","post","type-post","status-publish","format-standard","hentry","category-52-a-la-une"],"_links":{"self":[{"href":"https:\/\/pleinformat.pages-perso.free.fr\/index.php\/wp-json\/wp\/v2\/posts\/10241","targetHints":{"allow":["GET"]}}],"collection":[{"href":"https:\/\/pleinformat.pages-perso.free.fr\/index.php\/wp-json\/wp\/v2\/posts"}],"about":[{"href":"https:\/\/pleinformat.pages-perso.free.fr\/index.php\/wp-json\/wp\/v2\/types\/post"}],"author":[{"embeddable":true,"href":"https:\/\/pleinformat.pages-perso.free.fr\/index.php\/wp-json\/wp\/v2\/users\/1"}],"replies":[{"embeddable":true,"href":"https:\/\/pleinformat.pages-perso.free.fr\/index.php\/wp-json\/wp\/v2\/comments?post=10241"}],"version-history":[{"count":0,"href":"https:\/\/pleinformat.pages-perso.free.fr\/index.php\/wp-json\/wp\/v2\/posts\/10241\/revisions"}],"wp:attachment":[{"href":"https:\/\/pleinformat.pages-perso.free.fr\/index.php\/wp-json\/wp\/v2\/media?parent=10241"}],"wp:term":[{"taxonomy":"category","embeddable":true,"href":"https:\/\/pleinformat.pages-perso.free.fr\/index.php\/wp-json\/wp\/v2\/categories?post=10241"},{"taxonomy":"post_tag","embeddable":true,"href":"https:\/\/pleinformat.pages-perso.free.fr\/index.php\/wp-json\/wp\/v2\/tags?post=10241"}],"curies":[{"name":"wp","href":"https:\/\/api.w.org\/{rel}","templated":true}]}}