{"id":10595,"date":"2024-10-03T10:00:00","date_gmt":"2024-10-03T08:00:00","guid":{"rendered":"http:\/\/pleinformat.free.fr\/?p=10595"},"modified":"2026-05-06T09:36:19","modified_gmt":"2026-05-06T07:36:19","slug":"villeurbanne-oubliee-35","status":"publish","type":"post","link":"https:\/\/pleinformat.pages-perso.free.fr\/index.php\/villeurbanne-oubliee-35\/","title":{"rendered":"Villeurbanne oubli\u00e9e"},"content":{"rendered":"\n<p class=\"wp-block-paragraph\">Notre environnement urbain \u00e9volue sans cesse. Sous l\u2019effet de la pression urbanistique les quartiers se transforment au rythme des d\u00e9molitions, modifications, requalifications, constructions. En conservant une trace num\u00e9rique de l\u2019histoire des lieux, cette rubrique veut \u00eatre un t\u00e9moignage du pass\u00e9 architectural de Villeurbanne (Rh\u00f4ne), pass\u00e9 oubli\u00e9 et pourtant si proche. Les images publi\u00e9es sous cette rubrique sont archiv\u00e9es dans la galerie\u00a0<a href=\"https:\/\/pleinformat.pages-perso.free.fr\/index.php\/galeries\/villeurbanne-oubliee\/\">\u00ab\u00a0Villeurbanne oubli\u00e9e\u00a0\u00bb<\/a><\/p>\n\n\n\n<p class=\"wp-block-paragraph\"><\/p>\n\n\n<div id=\"attachment_10598\" style=\"width: 1010px\" class=\"wp-caption alignleft\"><img loading=\"lazy\" decoding=\"async\" aria-describedby=\"caption-attachment-10598\" class=\"size-full wp-image-10598\" src=\"http:\/\/pleinformat.free.fr\/wp-content\/uploads\/2024\/09\/DTB_5352_Web.jpg\" alt=\"Villeurbanne oubli\u00e9e - Rue Clemenceau\" width=\"1000\" height=\"714\" srcset=\"https:\/\/pleinformat.pages-perso.free.fr\/wp-content\/uploads\/2024\/09\/DTB_5352_Web.jpg 1000w, https:\/\/pleinformat.pages-perso.free.fr\/wp-content\/uploads\/2024\/09\/DTB_5352_Web-300x214.jpg 300w, https:\/\/pleinformat.pages-perso.free.fr\/wp-content\/uploads\/2024\/09\/DTB_5352_Web-768x548.jpg 768w\" sizes=\"auto, (max-width: 1000px) 100vw, 1000px\" \/><p id=\"caption-attachment-10598\" class=\"wp-caption-text\">3 octobre 2024, le 6 rue Georges Clemenceau en avril 2020. Le programme immobilier \u00ab\u00a0R\u00e9sidence Cl\u00e9menceau\u00a0\u00bb comportant 18 logements dont 4 sociaux, du T2 au T5 sur 5 \u00e9tages, avec de larges terrasses et balcons, jardins privatifs&#8230;&#8230;..&nbsp;<\/p><\/div>\n<div id=\"attachment_10597\" style=\"width: 1010px\" class=\"wp-caption alignleft\"><img loading=\"lazy\" decoding=\"async\" aria-describedby=\"caption-attachment-10597\" class=\"size-full wp-image-10597\" src=\"http:\/\/pleinformat.free.fr\/wp-content\/uploads\/2024\/09\/DTB_5347_Web.jpg\" alt=\"Villeurbanne oubli\u00e9e - Rue Clemenceau\" width=\"1000\" height=\"714\" srcset=\"https:\/\/pleinformat.pages-perso.free.fr\/wp-content\/uploads\/2024\/09\/DTB_5347_Web.jpg 1000w, https:\/\/pleinformat.pages-perso.free.fr\/wp-content\/uploads\/2024\/09\/DTB_5347_Web-300x214.jpg 300w, https:\/\/pleinformat.pages-perso.free.fr\/wp-content\/uploads\/2024\/09\/DTB_5347_Web-768x548.jpg 768w\" sizes=\"auto, (max-width: 1000px) 100vw, 1000px\" \/><p id=\"caption-attachment-10597\" class=\"wp-caption-text\">3 octobre 2024, &#8230;&#8230;.s&rsquo;\u00e9tend du 4 au 6 de la rue depuis sa livraison mi 2023.<\/p><\/div>","protected":false},"excerpt":{"rendered":"<p>Notre environnement urbain \u00e9volue sans cesse. Sous l\u2019effet de la pression urbanistique les quartiers se transforment au rythme des d\u00e9molitions, modifications, requalifications, constructions. En conservant une trace num\u00e9rique de l\u2019histoire des lieux, cette rubrique veut \u00eatre un t\u00e9moignage du pass\u00e9 <a class=\"more-link\" href=\"https:\/\/pleinformat.pages-perso.free.fr\/index.php\/villeurbanne-oubliee-35\/\">Lire plus &#8230;<\/a><\/p>\n","protected":false},"author":1,"featured_media":0,"comment_status":"closed","ping_status":"closed","sticky":false,"template":"","format":"standard","meta":{"footnotes":""},"categories":[5],"tags":[],"class_list":["post-10595","post","type-post","status-publish","format-standard","hentry","category-52-a-la-une"],"_links":{"self":[{"href":"https:\/\/pleinformat.pages-perso.free.fr\/index.php\/wp-json\/wp\/v2\/posts\/10595","targetHints":{"allow":["GET"]}}],"collection":[{"href":"https:\/\/pleinformat.pages-perso.free.fr\/index.php\/wp-json\/wp\/v2\/posts"}],"about":[{"href":"https:\/\/pleinformat.pages-perso.free.fr\/index.php\/wp-json\/wp\/v2\/types\/post"}],"author":[{"embeddable":true,"href":"https:\/\/pleinformat.pages-perso.free.fr\/index.php\/wp-json\/wp\/v2\/users\/1"}],"replies":[{"embeddable":true,"href":"https:\/\/pleinformat.pages-perso.free.fr\/index.php\/wp-json\/wp\/v2\/comments?post=10595"}],"version-history":[{"count":0,"href":"https:\/\/pleinformat.pages-perso.free.fr\/index.php\/wp-json\/wp\/v2\/posts\/10595\/revisions"}],"wp:attachment":[{"href":"https:\/\/pleinformat.pages-perso.free.fr\/index.php\/wp-json\/wp\/v2\/media?parent=10595"}],"wp:term":[{"taxonomy":"category","embeddable":true,"href":"https:\/\/pleinformat.pages-perso.free.fr\/index.php\/wp-json\/wp\/v2\/categories?post=10595"},{"taxonomy":"post_tag","embeddable":true,"href":"https:\/\/pleinformat.pages-perso.free.fr\/index.php\/wp-json\/wp\/v2\/tags?post=10595"}],"curies":[{"name":"wp","href":"https:\/\/api.w.org\/{rel}","templated":true}]}}