{"id":11204,"date":"2025-11-04T10:00:00","date_gmt":"2025-11-04T09:00:00","guid":{"rendered":"http:\/\/pleinformat.free.fr\/?p=11204"},"modified":"2026-05-06T10:05:08","modified_gmt":"2026-05-06T08:05:08","slug":"villeurbanne-oubliee-48","status":"publish","type":"post","link":"https:\/\/pleinformat.pages-perso.free.fr\/index.php\/villeurbanne-oubliee-48\/","title":{"rendered":"Villeurbanne oubli\u00e9e"},"content":{"rendered":"\n<p class=\"wp-block-paragraph\">Notre environnement urbain \u00e9volue sans cesse. Sous l\u2019effet de la pression urbanistique les quartiers se transforment au rythme des d\u00e9molitions, modifications, requalifications, constructions. En conservant une trace num\u00e9rique de l\u2019histoire des lieux, cette rubrique veut \u00eatre un t\u00e9moignage du pass\u00e9 architectural de Villeurbanne (Rh\u00f4ne), pass\u00e9 oubli\u00e9 et pourtant si proche. Les images publi\u00e9es sous cette rubrique sont archiv\u00e9es dans la galerie\u00a0<a href=\"https:\/\/pleinformat.pages-perso.free.fr\/index.php\/galeries\/villeurbanne-oubliee\/\">\u00ab\u00a0Villeurbanne o<\/a><a href=\"http:\/\/pleinformat.free.fr\/?page_id=4922&amp;preview=true\">ubli\u00e9e\u00a0\u00bb<\/a><\/p>\n\n\n<div id=\"attachment_11200\" style=\"width: 1010px\" class=\"wp-caption alignleft\"><img loading=\"lazy\" decoding=\"async\" aria-describedby=\"caption-attachment-11200\" class=\"size-full wp-image-11200\" src=\"http:\/\/pleinformat.free.fr\/wp-content\/uploads\/2025\/08\/DSE_0713_Web.jpg\" alt=\"\" width=\"1000\" height=\"562\" srcset=\"https:\/\/pleinformat.pages-perso.free.fr\/wp-content\/uploads\/2025\/08\/DSE_0713_Web.jpg 1000w, https:\/\/pleinformat.pages-perso.free.fr\/wp-content\/uploads\/2025\/08\/DSE_0713_Web-300x169.jpg 300w, https:\/\/pleinformat.pages-perso.free.fr\/wp-content\/uploads\/2025\/08\/DSE_0713_Web-768x432.jpg 768w, https:\/\/pleinformat.pages-perso.free.fr\/wp-content\/uploads\/2025\/08\/DSE_0713_Web-400x225.jpg 400w, https:\/\/pleinformat.pages-perso.free.fr\/wp-content\/uploads\/2025\/08\/DSE_0713_Web-860x484.jpg 860w\" sizes=\"auto, (max-width: 1000px) 100vw, 1000px\" \/><p id=\"caption-attachment-11200\" class=\"wp-caption-text\">4 novembre 2025: 11 rue Songieu en janvier 2014. Dans le b\u00e2timent voisin, la mosqu\u00e9e Errahma \u00e9tait situ\u00e9e au 15-17 rue Songieu, apr\u00e8s l&rsquo;acquisition d&rsquo;un ancien garage au d\u00e9but des ann\u00e9es 1980. L&rsquo;association cultuelle islamique Mosqu\u00e9e Errahma d\u00e9cide en 2009 de d\u00e9poser un permis de construire afin de d\u00e9molir et de reconstruire le b\u00e2timent. Le photographe publicitaire occupant un local au 11-13 de la rue leur vend son local en 2011, doublant ainsi la surface au sol du projet. Les locaux sont d\u00e9molis en 2016, et la c\u00e9r\u00e9monie de pose de la premi\u00e8re pierre est c\u00e9l\u00e9br\u00e9e le 20 Mars 2018. La mosqu\u00e9e Errahma est inaugur\u00e9e le 6 mai 2022, une c\u00e9r\u00e9monie officielle a \u00e9galement lieu le lendemain. 40 ans apr\u00e8s ses d\u00e9buts, la nouvelle mosqu\u00e9e occupe aujourd&rsquo;hui les 11 \u00e0 17 de la rue.<\/p><\/div>","protected":false},"excerpt":{"rendered":"<p>Notre environnement urbain \u00e9volue sans cesse. Sous l\u2019effet de la pression urbanistique les quartiers se transforment au rythme des d\u00e9molitions, modifications, requalifications, constructions. En conservant une trace num\u00e9rique de l\u2019histoire des lieux, cette rubrique veut \u00eatre un t\u00e9moignage du pass\u00e9 <a class=\"more-link\" href=\"https:\/\/pleinformat.pages-perso.free.fr\/index.php\/villeurbanne-oubliee-48\/\">Lire plus &#8230;<\/a><\/p>\n","protected":false},"author":1,"featured_media":0,"comment_status":"closed","ping_status":"closed","sticky":false,"template":"","format":"standard","meta":{"footnotes":""},"categories":[5],"tags":[],"class_list":["post-11204","post","type-post","status-publish","format-standard","hentry","category-52-a-la-une"],"_links":{"self":[{"href":"https:\/\/pleinformat.pages-perso.free.fr\/index.php\/wp-json\/wp\/v2\/posts\/11204","targetHints":{"allow":["GET"]}}],"collection":[{"href":"https:\/\/pleinformat.pages-perso.free.fr\/index.php\/wp-json\/wp\/v2\/posts"}],"about":[{"href":"https:\/\/pleinformat.pages-perso.free.fr\/index.php\/wp-json\/wp\/v2\/types\/post"}],"author":[{"embeddable":true,"href":"https:\/\/pleinformat.pages-perso.free.fr\/index.php\/wp-json\/wp\/v2\/users\/1"}],"replies":[{"embeddable":true,"href":"https:\/\/pleinformat.pages-perso.free.fr\/index.php\/wp-json\/wp\/v2\/comments?post=11204"}],"version-history":[{"count":0,"href":"https:\/\/pleinformat.pages-perso.free.fr\/index.php\/wp-json\/wp\/v2\/posts\/11204\/revisions"}],"wp:attachment":[{"href":"https:\/\/pleinformat.pages-perso.free.fr\/index.php\/wp-json\/wp\/v2\/media?parent=11204"}],"wp:term":[{"taxonomy":"category","embeddable":true,"href":"https:\/\/pleinformat.pages-perso.free.fr\/index.php\/wp-json\/wp\/v2\/categories?post=11204"},{"taxonomy":"post_tag","embeddable":true,"href":"https:\/\/pleinformat.pages-perso.free.fr\/index.php\/wp-json\/wp\/v2\/tags?post=11204"}],"curies":[{"name":"wp","href":"https:\/\/api.w.org\/{rel}","templated":true}]}}