{"id":11543,"date":"2026-04-03T10:00:00","date_gmt":"2026-04-03T08:00:00","guid":{"rendered":"http:\/\/pleinformat.free.fr\/?p=11543"},"modified":"2026-05-06T09:22:27","modified_gmt":"2026-05-06T07:22:27","slug":"villeurbanne-oubliee-53","status":"publish","type":"post","link":"https:\/\/pleinformat.pages-perso.free.fr\/index.php\/villeurbanne-oubliee-53\/","title":{"rendered":"Villeurbanne oubli\u00e9e"},"content":{"rendered":"\n<p class=\"wp-block-paragraph\">Notre environnement urbain \u00e9volue sans cesse. Sous l\u2019effet de la pression urbanistique les quartiers se transforment au rythme des d\u00e9molitions, modifications, requalifications, constructions. En conservant une trace num\u00e9rique de l\u2019histoire des lieux, cette rubrique veut \u00eatre un t\u00e9moignage du pass\u00e9 architectural de Villeurbanne (Rh\u00f4ne), pass\u00e9 oubli\u00e9 et pourtant si proche. Les images publi\u00e9es sous cette rubrique sont archiv\u00e9es dans la galerie\u00a0<a href=\"https:\/\/pleinformat.pages-perso.free.fr\/index.php\/galeries\/villeurbanne-oubliee\/\">\u00ab\u00a0Villeurbanne oubli\u00e9e\u00a0\u00bb<\/a><\/p>\n\n\n\n<p class=\"wp-block-paragraph\"><\/p>\n\n\n<div id=\"attachment_11546\" style=\"width: 677px\" class=\"wp-caption alignleft\"><img loading=\"lazy\" decoding=\"async\" aria-describedby=\"caption-attachment-11546\" class=\"size-full wp-image-11546\" src=\"http:\/\/pleinformat.free.fr\/wp-content\/uploads\/2026\/03\/DTB_6867_Web.jpg\" alt=\"Villeurbanne oubli\u00e9e - Rue de Bruxelles\" width=\"667\" height=\"1000\" srcset=\"https:\/\/pleinformat.pages-perso.free.fr\/wp-content\/uploads\/2026\/03\/DTB_6867_Web.jpg 667w, https:\/\/pleinformat.pages-perso.free.fr\/wp-content\/uploads\/2026\/03\/DTB_6867_Web-200x300.jpg 200w\" sizes=\"auto, (max-width: 667px) 100vw, 667px\" \/><p id=\"caption-attachment-11546\" class=\"wp-caption-text\">3 avril 2026: 34 rue de Bruxelles en juillet 2020. L&rsquo;\u00e9cole de danse Rockamahjou sera d\u00e9molie pour faire place au projet Be-Flex dont l&#8217;emprise s&rsquo;\u00e9tend jusqu&rsquo;\u00e0 la rue Bonnet. Trois b\u00e2timents accueillent sur 5 niveaux, bureaux, commerces et activit\u00e9s. 70 places de stationnement sont cr\u00e9es en sous-sol. Un syst\u00e8me de chauffage-climatisation est raccord\u00e9 \u00e0 une production par g\u00e9othermie. Livraison en 2025.<\/p><\/div>","protected":false},"excerpt":{"rendered":"<p>Notre environnement urbain \u00e9volue sans cesse. Sous l\u2019effet de la pression urbanistique les quartiers se transforment au rythme des d\u00e9molitions, modifications, requalifications, constructions. En conservant une trace num\u00e9rique de l\u2019histoire des lieux, cette rubrique veut \u00eatre un t\u00e9moignage du pass\u00e9 <a class=\"more-link\" href=\"https:\/\/pleinformat.pages-perso.free.fr\/index.php\/villeurbanne-oubliee-53\/\">Lire plus &#8230;<\/a><\/p>\n","protected":false},"author":1,"featured_media":0,"comment_status":"closed","ping_status":"closed","sticky":false,"template":"","format":"standard","meta":{"footnotes":""},"categories":[5],"tags":[],"class_list":["post-11543","post","type-post","status-publish","format-standard","hentry","category-52-a-la-une"],"_links":{"self":[{"href":"https:\/\/pleinformat.pages-perso.free.fr\/index.php\/wp-json\/wp\/v2\/posts\/11543","targetHints":{"allow":["GET"]}}],"collection":[{"href":"https:\/\/pleinformat.pages-perso.free.fr\/index.php\/wp-json\/wp\/v2\/posts"}],"about":[{"href":"https:\/\/pleinformat.pages-perso.free.fr\/index.php\/wp-json\/wp\/v2\/types\/post"}],"author":[{"embeddable":true,"href":"https:\/\/pleinformat.pages-perso.free.fr\/index.php\/wp-json\/wp\/v2\/users\/1"}],"replies":[{"embeddable":true,"href":"https:\/\/pleinformat.pages-perso.free.fr\/index.php\/wp-json\/wp\/v2\/comments?post=11543"}],"version-history":[{"count":0,"href":"https:\/\/pleinformat.pages-perso.free.fr\/index.php\/wp-json\/wp\/v2\/posts\/11543\/revisions"}],"wp:attachment":[{"href":"https:\/\/pleinformat.pages-perso.free.fr\/index.php\/wp-json\/wp\/v2\/media?parent=11543"}],"wp:term":[{"taxonomy":"category","embeddable":true,"href":"https:\/\/pleinformat.pages-perso.free.fr\/index.php\/wp-json\/wp\/v2\/categories?post=11543"},{"taxonomy":"post_tag","embeddable":true,"href":"https:\/\/pleinformat.pages-perso.free.fr\/index.php\/wp-json\/wp\/v2\/tags?post=11543"}],"curies":[{"name":"wp","href":"https:\/\/api.w.org\/{rel}","templated":true}]}}