{"id":2684,"date":"2017-12-22T20:25:09","date_gmt":"2017-12-22T19:25:09","guid":{"rendered":"http:\/\/pleinformat.free.fr\/?p=2684"},"modified":"2018-03-03T19:24:35","modified_gmt":"2018-03-03T18:24:35","slug":"regards-sur-la-nature-30","status":"publish","type":"post","link":"https:\/\/pleinformat.pages-perso.free.fr\/index.php\/regards-sur-la-nature-30\/","title":{"rendered":"Regards sur la nature"},"content":{"rendered":"<div id=\"attachment_2678\" style=\"width: 810px\" class=\"wp-caption alignleft\"><img loading=\"lazy\" decoding=\"async\" aria-describedby=\"caption-attachment-2678\" class=\"size-full wp-image-2678\" src=\"http:\/\/pleinformat.free.fr\/wp-content\/uploads\/2017\/12\/DSM_2052_Web-1.jpg\" alt=\"Aigrette bleue (Salvador)\" width=\"800\" height=\"800\" srcset=\"https:\/\/pleinformat.pages-perso.free.fr\/wp-content\/uploads\/2017\/12\/DSM_2052_Web-1.jpg 800w, https:\/\/pleinformat.pages-perso.free.fr\/wp-content\/uploads\/2017\/12\/DSM_2052_Web-1-150x150.jpg 150w, https:\/\/pleinformat.pages-perso.free.fr\/wp-content\/uploads\/2017\/12\/DSM_2052_Web-1-300x300.jpg 300w, https:\/\/pleinformat.pages-perso.free.fr\/wp-content\/uploads\/2017\/12\/DSM_2052_Web-1-768x768.jpg 768w\" sizes=\"auto, (max-width: 800px) 100vw, 800px\" \/><p id=\"caption-attachment-2678\" class=\"wp-caption-text\">9 d\u00e9cembre 2017, l&rsquo;aigrette bleue vit en Am\u00e9rique Centrale (ici Salvador), et pays voisins d&rsquo;Am\u00e9rique du Nord et du Sud.<\/p><\/div>\n<div id=\"attachment_2677\" style=\"width: 1210px\" class=\"wp-caption alignleft\"><img loading=\"lazy\" decoding=\"async\" aria-describedby=\"caption-attachment-2677\" class=\"size-full wp-image-2677\" src=\"http:\/\/pleinformat.free.fr\/wp-content\/uploads\/2017\/12\/DSM_2070_Web.jpg\" alt=\"Aigrette bleue (Salvador)\" width=\"1200\" height=\"800\" srcset=\"https:\/\/pleinformat.pages-perso.free.fr\/wp-content\/uploads\/2017\/12\/DSM_2070_Web.jpg 1200w, https:\/\/pleinformat.pages-perso.free.fr\/wp-content\/uploads\/2017\/12\/DSM_2070_Web-300x200.jpg 300w, https:\/\/pleinformat.pages-perso.free.fr\/wp-content\/uploads\/2017\/12\/DSM_2070_Web-768x512.jpg 768w\" sizes=\"auto, (max-width: 1200px) 100vw, 1200px\" \/><p id=\"caption-attachment-2677\" class=\"wp-caption-text\">9 d\u00e9cembre 2017, l&rsquo;aigrette bleue se nourrit de crabes et insectes aquatiques.<\/p><\/div>\n<div id=\"attachment_2680\" style=\"width: 810px\" class=\"wp-caption alignleft\"><img loading=\"lazy\" decoding=\"async\" aria-describedby=\"caption-attachment-2680\" class=\"size-full wp-image-2680\" src=\"http:\/\/pleinformat.free.fr\/wp-content\/uploads\/2017\/12\/DSM_2054_Web.jpg\" alt=\"Aigrette tricolore (Salvador)\" width=\"800\" height=\"800\" srcset=\"https:\/\/pleinformat.pages-perso.free.fr\/wp-content\/uploads\/2017\/12\/DSM_2054_Web.jpg 800w, https:\/\/pleinformat.pages-perso.free.fr\/wp-content\/uploads\/2017\/12\/DSM_2054_Web-150x150.jpg 150w, https:\/\/pleinformat.pages-perso.free.fr\/wp-content\/uploads\/2017\/12\/DSM_2054_Web-300x300.jpg 300w, https:\/\/pleinformat.pages-perso.free.fr\/wp-content\/uploads\/2017\/12\/DSM_2054_Web-768x768.jpg 768w\" sizes=\"auto, (max-width: 800px) 100vw, 800px\" \/><p id=\"caption-attachment-2680\" class=\"wp-caption-text\">9 d\u00e9cembre 2017, l&rsquo;aigrette tricolore vit sur les c\u00f4tes d&rsquo;Am\u00e9rique Centrale (ici Salvador), et pays voisins d&rsquo;Am\u00e9rique du Nord et du Sud<\/p><\/div>\n<div id=\"attachment_2676\" style=\"width: 810px\" class=\"wp-caption alignleft\"><img loading=\"lazy\" decoding=\"async\" aria-describedby=\"caption-attachment-2676\" class=\"size-full wp-image-2676\" src=\"http:\/\/pleinformat.free.fr\/wp-content\/uploads\/2017\/12\/DSM_2066_Web.jpg\" alt=\"Aigrette tricolore (Salvador)\" width=\"800\" height=\"800\" srcset=\"https:\/\/pleinformat.pages-perso.free.fr\/wp-content\/uploads\/2017\/12\/DSM_2066_Web.jpg 800w, https:\/\/pleinformat.pages-perso.free.fr\/wp-content\/uploads\/2017\/12\/DSM_2066_Web-150x150.jpg 150w, https:\/\/pleinformat.pages-perso.free.fr\/wp-content\/uploads\/2017\/12\/DSM_2066_Web-300x300.jpg 300w, https:\/\/pleinformat.pages-perso.free.fr\/wp-content\/uploads\/2017\/12\/DSM_2066_Web-768x768.jpg 768w\" sizes=\"auto, (max-width: 800px) 100vw, 800px\" \/><p id=\"caption-attachment-2676\" class=\"wp-caption-text\">9 d\u00e9cembre 2017, l&rsquo;aigrette tricolore se nourrit principalement de poisson.<\/p><\/div>\n<div id=\"attachment_2695\" style=\"width: 1210px\" class=\"wp-caption alignleft\"><img loading=\"lazy\" decoding=\"async\" aria-describedby=\"caption-attachment-2695\" class=\"size-full wp-image-2695\" src=\"http:\/\/pleinformat.free.fr\/wp-content\/uploads\/2017\/12\/DSM_2132_Web.jpg\" alt=\"B\u00e9casseau minuscule\" width=\"1200\" height=\"800\" srcset=\"https:\/\/pleinformat.pages-perso.free.fr\/wp-content\/uploads\/2017\/12\/DSM_2132_Web.jpg 1200w, https:\/\/pleinformat.pages-perso.free.fr\/wp-content\/uploads\/2017\/12\/DSM_2132_Web-300x200.jpg 300w, https:\/\/pleinformat.pages-perso.free.fr\/wp-content\/uploads\/2017\/12\/DSM_2132_Web-768x512.jpg 768w\" sizes=\"auto, (max-width: 1200px) 100vw, 1200px\" \/><p id=\"caption-attachment-2695\" class=\"wp-caption-text\">9 d\u00e9cembre 2017, le b\u00e9casseau minuscule (ici au Salvador) est le plus petit limicole au monde<\/p><\/div>\n<div id=\"attachment_2696\" style=\"width: 810px\" class=\"wp-caption alignleft\"><img loading=\"lazy\" decoding=\"async\" aria-describedby=\"caption-attachment-2696\" class=\"size-full wp-image-2696\" src=\"http:\/\/pleinformat.free.fr\/wp-content\/uploads\/2017\/12\/DSM_2237_Web.jpg\" alt=\"Bihoreau violac\u00e9\" width=\"800\" height=\"800\" srcset=\"https:\/\/pleinformat.pages-perso.free.fr\/wp-content\/uploads\/2017\/12\/DSM_2237_Web.jpg 800w, https:\/\/pleinformat.pages-perso.free.fr\/wp-content\/uploads\/2017\/12\/DSM_2237_Web-150x150.jpg 150w, https:\/\/pleinformat.pages-perso.free.fr\/wp-content\/uploads\/2017\/12\/DSM_2237_Web-300x300.jpg 300w, https:\/\/pleinformat.pages-perso.free.fr\/wp-content\/uploads\/2017\/12\/DSM_2237_Web-768x768.jpg 768w\" sizes=\"auto, (max-width: 800px) 100vw, 800px\" \/><p id=\"caption-attachment-2696\" class=\"wp-caption-text\">9 d\u00e9cembre 2017, le bihoreau violac\u00e9 vit en Am\u00e9rique (ici Salvador) et se nourrit de crustac\u00e9s<\/p><\/div>\n<div id=\"attachment_2697\" style=\"width: 810px\" class=\"wp-caption alignleft\"><img loading=\"lazy\" decoding=\"async\" aria-describedby=\"caption-attachment-2697\" class=\"size-full wp-image-2697\" src=\"http:\/\/pleinformat.free.fr\/wp-content\/uploads\/2017\/12\/DSM_2299_Web.jpg\" alt=\"Pic de Hoffmann\" width=\"800\" height=\"800\" srcset=\"https:\/\/pleinformat.pages-perso.free.fr\/wp-content\/uploads\/2017\/12\/DSM_2299_Web.jpg 800w, https:\/\/pleinformat.pages-perso.free.fr\/wp-content\/uploads\/2017\/12\/DSM_2299_Web-150x150.jpg 150w, https:\/\/pleinformat.pages-perso.free.fr\/wp-content\/uploads\/2017\/12\/DSM_2299_Web-300x300.jpg 300w, https:\/\/pleinformat.pages-perso.free.fr\/wp-content\/uploads\/2017\/12\/DSM_2299_Web-768x768.jpg 768w\" sizes=\"auto, (max-width: 800px) 100vw, 800px\" \/><p id=\"caption-attachment-2697\" class=\"wp-caption-text\">9 d\u00e9cembre 2017, le pic de hoffmann vit en Am\u00e9rique Centrale (ici Salvador)<\/p><\/div>\n<div id=\"attachment_2705\" style=\"width: 810px\" class=\"wp-caption alignleft\"><img loading=\"lazy\" decoding=\"async\" aria-describedby=\"caption-attachment-2705\" class=\"size-full wp-image-2705\" src=\"http:\/\/pleinformat.free.fr\/wp-content\/uploads\/2017\/12\/DSM_2325_Web.jpg\" alt=\"Iguane vert (Salvador)\" width=\"800\" height=\"800\" srcset=\"https:\/\/pleinformat.pages-perso.free.fr\/wp-content\/uploads\/2017\/12\/DSM_2325_Web.jpg 800w, https:\/\/pleinformat.pages-perso.free.fr\/wp-content\/uploads\/2017\/12\/DSM_2325_Web-150x150.jpg 150w, https:\/\/pleinformat.pages-perso.free.fr\/wp-content\/uploads\/2017\/12\/DSM_2325_Web-300x300.jpg 300w, https:\/\/pleinformat.pages-perso.free.fr\/wp-content\/uploads\/2017\/12\/DSM_2325_Web-768x768.jpg 768w\" sizes=\"auto, (max-width: 800px) 100vw, 800px\" \/><p id=\"caption-attachment-2705\" class=\"wp-caption-text\">9 d\u00e9cembre 2017, cet imposant iguane vert se r\u00e9chauffe sous les rayons de soleil du Salvador<\/p><\/div>\n","protected":false},"excerpt":{"rendered":"","protected":false},"author":1,"featured_media":0,"comment_status":"closed","ping_status":"closed","sticky":false,"template":"","format":"standard","meta":{"footnotes":""},"categories":[5],"tags":[],"class_list":["post-2684","post","type-post","status-publish","format-standard","hentry","category-52-a-la-une"],"_links":{"self":[{"href":"https:\/\/pleinformat.pages-perso.free.fr\/index.php\/wp-json\/wp\/v2\/posts\/2684","targetHints":{"allow":["GET"]}}],"collection":[{"href":"https:\/\/pleinformat.pages-perso.free.fr\/index.php\/wp-json\/wp\/v2\/posts"}],"about":[{"href":"https:\/\/pleinformat.pages-perso.free.fr\/index.php\/wp-json\/wp\/v2\/types\/post"}],"author":[{"embeddable":true,"href":"https:\/\/pleinformat.pages-perso.free.fr\/index.php\/wp-json\/wp\/v2\/users\/1"}],"replies":[{"embeddable":true,"href":"https:\/\/pleinformat.pages-perso.free.fr\/index.php\/wp-json\/wp\/v2\/comments?post=2684"}],"version-history":[{"count":0,"href":"https:\/\/pleinformat.pages-perso.free.fr\/index.php\/wp-json\/wp\/v2\/posts\/2684\/revisions"}],"wp:attachment":[{"href":"https:\/\/pleinformat.pages-perso.free.fr\/index.php\/wp-json\/wp\/v2\/media?parent=2684"}],"wp:term":[{"taxonomy":"category","embeddable":true,"href":"https:\/\/pleinformat.pages-perso.free.fr\/index.php\/wp-json\/wp\/v2\/categories?post=2684"},{"taxonomy":"post_tag","embeddable":true,"href":"https:\/\/pleinformat.pages-perso.free.fr\/index.php\/wp-json\/wp\/v2\/tags?post=2684"}],"curies":[{"name":"wp","href":"https:\/\/api.w.org\/{rel}","templated":true}]}}