{"id":3624,"date":"2018-09-29T22:24:16","date_gmt":"2018-09-29T21:24:16","guid":{"rendered":"http:\/\/pleinformat.free.fr\/?p=3624"},"modified":"2018-09-29T22:34:30","modified_gmt":"2018-09-29T21:34:30","slug":"brame-du-cerf","status":"publish","type":"post","link":"https:\/\/pleinformat.pages-perso.free.fr\/index.php\/brame-du-cerf\/","title":{"rendered":"Brame du cerf"},"content":{"rendered":"<div id=\"attachment_3622\" style=\"width: 1210px\" class=\"wp-caption alignleft\"><img loading=\"lazy\" decoding=\"async\" aria-describedby=\"caption-attachment-3622\" class=\"wp-image-3622 size-full\" src=\"http:\/\/pleinformat.free.fr\/wp-content\/uploads\/2018\/09\/DSO_2023_Web.jpg\" alt=\"DSO_2023_Web\" width=\"1200\" height=\"800\" srcset=\"https:\/\/pleinformat.pages-perso.free.fr\/wp-content\/uploads\/2018\/09\/DSO_2023_Web.jpg 1200w, https:\/\/pleinformat.pages-perso.free.fr\/wp-content\/uploads\/2018\/09\/DSO_2023_Web-300x200.jpg 300w, https:\/\/pleinformat.pages-perso.free.fr\/wp-content\/uploads\/2018\/09\/DSO_2023_Web-768x512.jpg 768w\" sizes=\"auto, (max-width: 1200px) 100vw, 1200px\" \/><p id=\"caption-attachment-3622\" class=\"wp-caption-text\">20 septembre 2018, la p\u00e9riode de rut a commenc\u00e9. Du fond des for\u00eats\u00a0r\u00e9sonne le cri grave et rauque du cerf. Le soleil\u00a0va se lever sur une pelouse \u00e0\u00a0300 m\u00e8tres de mon lieu d&rsquo;observation en Vercors. Le m\u00e2le appara\u00eet \u00e0 l&rsquo;or\u00e9e du bois, avance lentement dans ma direction, et s&rsquo;installe au soleil pour bramer.<\/p><\/div>\n<div id=\"attachment_3623\" style=\"width: 1210px\" class=\"wp-caption alignleft\"><img loading=\"lazy\" decoding=\"async\" aria-describedby=\"caption-attachment-3623\" class=\"wp-image-3623 size-full\" src=\"http:\/\/pleinformat.free.fr\/wp-content\/uploads\/2018\/09\/DSO_2263_Web.jpg\" alt=\"DSO_2263_Web\" width=\"1200\" height=\"800\" srcset=\"https:\/\/pleinformat.pages-perso.free.fr\/wp-content\/uploads\/2018\/09\/DSO_2263_Web.jpg 1200w, https:\/\/pleinformat.pages-perso.free.fr\/wp-content\/uploads\/2018\/09\/DSO_2263_Web-300x200.jpg 300w, https:\/\/pleinformat.pages-perso.free.fr\/wp-content\/uploads\/2018\/09\/DSO_2263_Web-768x512.jpg 768w\" sizes=\"auto, (max-width: 1200px) 100vw, 1200px\" \/><p id=\"caption-attachment-3623\" class=\"wp-caption-text\">20 septembre 2018, pendant 90 minutes le cerf a bram\u00e9 r\u00e9guli\u00e8rement, mais aucune biche ne s&rsquo;est pr\u00e9sent\u00e9e. Les photographes et observateurs qui m&rsquo;ont rejoint sont enthousiastes.\u00a0Le cerf\u00a0quitte alors le site pour s&rsquo;enfoncer dans le bois.<\/p><\/div>\n","protected":false},"excerpt":{"rendered":"","protected":false},"author":1,"featured_media":0,"comment_status":"closed","ping_status":"closed","sticky":false,"template":"","format":"standard","meta":{"footnotes":""},"categories":[5],"tags":[],"class_list":["post-3624","post","type-post","status-publish","format-standard","hentry","category-52-a-la-une"],"_links":{"self":[{"href":"https:\/\/pleinformat.pages-perso.free.fr\/index.php\/wp-json\/wp\/v2\/posts\/3624","targetHints":{"allow":["GET"]}}],"collection":[{"href":"https:\/\/pleinformat.pages-perso.free.fr\/index.php\/wp-json\/wp\/v2\/posts"}],"about":[{"href":"https:\/\/pleinformat.pages-perso.free.fr\/index.php\/wp-json\/wp\/v2\/types\/post"}],"author":[{"embeddable":true,"href":"https:\/\/pleinformat.pages-perso.free.fr\/index.php\/wp-json\/wp\/v2\/users\/1"}],"replies":[{"embeddable":true,"href":"https:\/\/pleinformat.pages-perso.free.fr\/index.php\/wp-json\/wp\/v2\/comments?post=3624"}],"version-history":[{"count":0,"href":"https:\/\/pleinformat.pages-perso.free.fr\/index.php\/wp-json\/wp\/v2\/posts\/3624\/revisions"}],"wp:attachment":[{"href":"https:\/\/pleinformat.pages-perso.free.fr\/index.php\/wp-json\/wp\/v2\/media?parent=3624"}],"wp:term":[{"taxonomy":"category","embeddable":true,"href":"https:\/\/pleinformat.pages-perso.free.fr\/index.php\/wp-json\/wp\/v2\/categories?post=3624"},{"taxonomy":"post_tag","embeddable":true,"href":"https:\/\/pleinformat.pages-perso.free.fr\/index.php\/wp-json\/wp\/v2\/tags?post=3624"}],"curies":[{"name":"wp","href":"https:\/\/api.w.org\/{rel}","templated":true}]}}