{"id":3704,"date":"2018-11-01T11:43:10","date_gmt":"2018-11-01T10:43:10","guid":{"rendered":"http:\/\/pleinformat.free.fr\/?p=3704"},"modified":"2018-11-01T21:06:15","modified_gmt":"2018-11-01T20:06:15","slug":"les-cinque-terre-3","status":"publish","type":"post","link":"https:\/\/pleinformat.pages-perso.free.fr\/index.php\/les-cinque-terre-3\/","title":{"rendered":"Les Cinque Terre"},"content":{"rendered":"<div id=\"attachment_3701\" style=\"width: 1209px\" class=\"wp-caption alignleft\"><img loading=\"lazy\" decoding=\"async\" aria-describedby=\"caption-attachment-3701\" class=\"wp-image-3701 size-full\" src=\"http:\/\/pleinformat.free.fr\/wp-content\/uploads\/2018\/11\/DSO_3962_Web.jpg\" alt=\"Vernazza\" width=\"1199\" height=\"800\" srcset=\"https:\/\/pleinformat.pages-perso.free.fr\/wp-content\/uploads\/2018\/11\/DSO_3962_Web.jpg 1199w, https:\/\/pleinformat.pages-perso.free.fr\/wp-content\/uploads\/2018\/11\/DSO_3962_Web-300x200.jpg 300w, https:\/\/pleinformat.pages-perso.free.fr\/wp-content\/uploads\/2018\/11\/DSO_3962_Web-768x512.jpg 768w\" sizes=\"auto, (max-width: 1199px) 100vw, 1199px\" \/><p id=\"caption-attachment-3701\" class=\"wp-caption-text\">21 octobre 2018,\u00a0au pied de l&rsquo;\u00e9glise Santa Margherita d&rsquo;Antochia \u00e0 Vernazza, la place Guglielmo Marconi aux premi\u00e8res heures de la journ\u00e9e.<\/p><\/div>\n<div id=\"attachment_3699\" style=\"width: 810px\" class=\"wp-caption alignnone\"><img loading=\"lazy\" decoding=\"async\" aria-describedby=\"caption-attachment-3699\" class=\"wp-image-3699 size-full\" src=\"http:\/\/pleinformat.free.fr\/wp-content\/uploads\/2018\/11\/DSO_3861_Web.jpg\" alt=\"Vernazza\" width=\"800\" height=\"1199\" srcset=\"https:\/\/pleinformat.pages-perso.free.fr\/wp-content\/uploads\/2018\/11\/DSO_3861_Web.jpg 800w, https:\/\/pleinformat.pages-perso.free.fr\/wp-content\/uploads\/2018\/11\/DSO_3861_Web-200x300.jpg 200w, https:\/\/pleinformat.pages-perso.free.fr\/wp-content\/uploads\/2018\/11\/DSO_3861_Web-768x1151.jpg 768w, https:\/\/pleinformat.pages-perso.free.fr\/wp-content\/uploads\/2018\/11\/DSO_3861_Web-534x800.jpg 534w\" sizes=\"auto, (max-width: 800px) 100vw, 800px\" \/><p id=\"caption-attachment-3699\" class=\"wp-caption-text\">21 octobre 2018, dans les ruelles \u00e9troites de Vernazza , le linge s\u00e8che aux fen\u00eatres sur les \u00e9tendages \u00e0 poulies.<\/p><\/div>\n<div id=\"attachment_3698\" style=\"width: 810px\" class=\"wp-caption alignleft\"><img loading=\"lazy\" decoding=\"async\" aria-describedby=\"caption-attachment-3698\" class=\"size-full wp-image-3698\" src=\"http:\/\/pleinformat.free.fr\/wp-content\/uploads\/2018\/11\/DSO_3835_Web.jpg\" alt=\"Vernazza\" width=\"800\" height=\"1199\" srcset=\"https:\/\/pleinformat.pages-perso.free.fr\/wp-content\/uploads\/2018\/11\/DSO_3835_Web.jpg 800w, https:\/\/pleinformat.pages-perso.free.fr\/wp-content\/uploads\/2018\/11\/DSO_3835_Web-200x300.jpg 200w, https:\/\/pleinformat.pages-perso.free.fr\/wp-content\/uploads\/2018\/11\/DSO_3835_Web-768x1151.jpg 768w, https:\/\/pleinformat.pages-perso.free.fr\/wp-content\/uploads\/2018\/11\/DSO_3835_Web-534x800.jpg 534w\" sizes=\"auto, (max-width: 800px) 100vw, 800px\" \/><p id=\"caption-attachment-3698\" class=\"wp-caption-text\">21 octobre 2018, \u00e0 Vernazza comme dans les autres villages des Cinque Terre, les maisons sont blotties les unes contre les autres.<\/p><\/div>\n<div id=\"attachment_3702\" style=\"width: 1432px\" class=\"wp-caption alignleft\"><img loading=\"lazy\" decoding=\"async\" aria-describedby=\"caption-attachment-3702\" class=\"size-full wp-image-3702\" src=\"http:\/\/pleinformat.free.fr\/wp-content\/uploads\/2018\/11\/DSO_4004_Web.jpg\" alt=\"Vernazza\" width=\"1422\" height=\"800\" srcset=\"https:\/\/pleinformat.pages-perso.free.fr\/wp-content\/uploads\/2018\/11\/DSO_4004_Web.jpg 1422w, https:\/\/pleinformat.pages-perso.free.fr\/wp-content\/uploads\/2018\/11\/DSO_4004_Web-300x169.jpg 300w, https:\/\/pleinformat.pages-perso.free.fr\/wp-content\/uploads\/2018\/11\/DSO_4004_Web-768x432.jpg 768w, https:\/\/pleinformat.pages-perso.free.fr\/wp-content\/uploads\/2018\/11\/DSO_4004_Web-400x225.jpg 400w, https:\/\/pleinformat.pages-perso.free.fr\/wp-content\/uploads\/2018\/11\/DSO_4004_Web-860x484.jpg 860w\" sizes=\"auto, (max-width: 1422px) 100vw, 1422px\" \/><p id=\"caption-attachment-3702\" class=\"wp-caption-text\">21 octobre 2018, Vernazza domin\u00e9 par le Castello Doria, vu depuis le sentier Azzuro en direction de Corniglia.<\/p><\/div>\n<div id=\"attachment_3703\" style=\"width: 1432px\" class=\"wp-caption alignleft\"><img loading=\"lazy\" decoding=\"async\" aria-describedby=\"caption-attachment-3703\" class=\"size-full wp-image-3703\" src=\"http:\/\/pleinformat.free.fr\/wp-content\/uploads\/2018\/11\/DSO_4064_Web.jpg\" alt=\"Corniglia\" width=\"1422\" height=\"800\" srcset=\"https:\/\/pleinformat.pages-perso.free.fr\/wp-content\/uploads\/2018\/11\/DSO_4064_Web.jpg 1422w, https:\/\/pleinformat.pages-perso.free.fr\/wp-content\/uploads\/2018\/11\/DSO_4064_Web-300x169.jpg 300w, https:\/\/pleinformat.pages-perso.free.fr\/wp-content\/uploads\/2018\/11\/DSO_4064_Web-768x432.jpg 768w, https:\/\/pleinformat.pages-perso.free.fr\/wp-content\/uploads\/2018\/11\/DSO_4064_Web-400x225.jpg 400w, https:\/\/pleinformat.pages-perso.free.fr\/wp-content\/uploads\/2018\/11\/DSO_4064_Web-860x484.jpg 860w\" sizes=\"auto, (max-width: 1422px) 100vw, 1422px\" \/><p id=\"caption-attachment-3703\" class=\"wp-caption-text\">21 octobre 2018, arriv\u00e9e sur Corniglia perch\u00e9 \u00e0 100m au dessus de la mer.<\/p><\/div>\n<div id=\"attachment_3713\" style=\"width: 810px\" class=\"wp-caption alignleft\"><img loading=\"lazy\" decoding=\"async\" aria-describedby=\"caption-attachment-3713\" class=\"size-full wp-image-3713\" src=\"http:\/\/pleinformat.free.fr\/wp-content\/uploads\/2018\/11\/DSO_3889_Web.jpg\" alt=\"Corniglia\" width=\"800\" height=\"1199\" srcset=\"https:\/\/pleinformat.pages-perso.free.fr\/wp-content\/uploads\/2018\/11\/DSO_3889_Web.jpg 800w, https:\/\/pleinformat.pages-perso.free.fr\/wp-content\/uploads\/2018\/11\/DSO_3889_Web-200x300.jpg 200w, https:\/\/pleinformat.pages-perso.free.fr\/wp-content\/uploads\/2018\/11\/DSO_3889_Web-768x1151.jpg 768w, https:\/\/pleinformat.pages-perso.free.fr\/wp-content\/uploads\/2018\/11\/DSO_3889_Web-534x800.jpg 534w\" sizes=\"auto, (max-width: 800px) 100vw, 800px\" \/><p id=\"caption-attachment-3713\" class=\"wp-caption-text\">21 octobre 2018, Corniglia et les autres villages des Cinque Terre sont parsem\u00e9s d&rsquo;une multitude d&rsquo;escaliers.<\/p><\/div>\n<div id=\"attachment_3700\" style=\"width: 1432px\" class=\"wp-caption alignleft\"><img loading=\"lazy\" decoding=\"async\" aria-describedby=\"caption-attachment-3700\" class=\"size-full wp-image-3700\" src=\"http:\/\/pleinformat.free.fr\/wp-content\/uploads\/2018\/11\/DSO_3920_Web.jpg\" alt=\"Corniglia\" width=\"1422\" height=\"800\" srcset=\"https:\/\/pleinformat.pages-perso.free.fr\/wp-content\/uploads\/2018\/11\/DSO_3920_Web.jpg 1422w, https:\/\/pleinformat.pages-perso.free.fr\/wp-content\/uploads\/2018\/11\/DSO_3920_Web-300x169.jpg 300w, https:\/\/pleinformat.pages-perso.free.fr\/wp-content\/uploads\/2018\/11\/DSO_3920_Web-768x432.jpg 768w, https:\/\/pleinformat.pages-perso.free.fr\/wp-content\/uploads\/2018\/11\/DSO_3920_Web-400x225.jpg 400w, https:\/\/pleinformat.pages-perso.free.fr\/wp-content\/uploads\/2018\/11\/DSO_3920_Web-860x484.jpg 860w\" sizes=\"auto, (max-width: 1422px) 100vw, 1422px\" \/><p id=\"caption-attachment-3700\" class=\"wp-caption-text\">21 octobre 2018,\u00a0Manarola et ses maisons color\u00e9es en fin d&rsquo;apr\u00e8s-midi.<\/p><\/div>\n","protected":false},"excerpt":{"rendered":"","protected":false},"author":1,"featured_media":0,"comment_status":"closed","ping_status":"closed","sticky":false,"template":"","format":"standard","meta":{"footnotes":""},"categories":[5],"tags":[],"class_list":["post-3704","post","type-post","status-publish","format-standard","hentry","category-52-a-la-une"],"_links":{"self":[{"href":"https:\/\/pleinformat.pages-perso.free.fr\/index.php\/wp-json\/wp\/v2\/posts\/3704","targetHints":{"allow":["GET"]}}],"collection":[{"href":"https:\/\/pleinformat.pages-perso.free.fr\/index.php\/wp-json\/wp\/v2\/posts"}],"about":[{"href":"https:\/\/pleinformat.pages-perso.free.fr\/index.php\/wp-json\/wp\/v2\/types\/post"}],"author":[{"embeddable":true,"href":"https:\/\/pleinformat.pages-perso.free.fr\/index.php\/wp-json\/wp\/v2\/users\/1"}],"replies":[{"embeddable":true,"href":"https:\/\/pleinformat.pages-perso.free.fr\/index.php\/wp-json\/wp\/v2\/comments?post=3704"}],"version-history":[{"count":0,"href":"https:\/\/pleinformat.pages-perso.free.fr\/index.php\/wp-json\/wp\/v2\/posts\/3704\/revisions"}],"wp:attachment":[{"href":"https:\/\/pleinformat.pages-perso.free.fr\/index.php\/wp-json\/wp\/v2\/media?parent=3704"}],"wp:term":[{"taxonomy":"category","embeddable":true,"href":"https:\/\/pleinformat.pages-perso.free.fr\/index.php\/wp-json\/wp\/v2\/categories?post=3704"},{"taxonomy":"post_tag","embeddable":true,"href":"https:\/\/pleinformat.pages-perso.free.fr\/index.php\/wp-json\/wp\/v2\/tags?post=3704"}],"curies":[{"name":"wp","href":"https:\/\/api.w.org\/{rel}","templated":true}]}}