{"id":3735,"date":"2018-11-10T10:08:45","date_gmt":"2018-11-10T09:08:45","guid":{"rendered":"http:\/\/pleinformat.free.fr\/?p=3735"},"modified":"2018-11-10T10:08:45","modified_gmt":"2018-11-10T09:08:45","slug":"les-cinque-terre-5","status":"publish","type":"post","link":"https:\/\/pleinformat.pages-perso.free.fr\/index.php\/les-cinque-terre-5\/","title":{"rendered":"Les Cinque Terre"},"content":{"rendered":"<div id=\"attachment_3730\" style=\"width: 1432px\" class=\"wp-caption alignleft\"><img loading=\"lazy\" decoding=\"async\" aria-describedby=\"caption-attachment-3730\" class=\"size-full wp-image-3730\" src=\"http:\/\/pleinformat.free.fr\/wp-content\/uploads\/2018\/11\/DSO_4461_Web.jpg\" alt=\"Portevenere\" width=\"1422\" height=\"800\" srcset=\"https:\/\/pleinformat.pages-perso.free.fr\/wp-content\/uploads\/2018\/11\/DSO_4461_Web.jpg 1422w, https:\/\/pleinformat.pages-perso.free.fr\/wp-content\/uploads\/2018\/11\/DSO_4461_Web-300x169.jpg 300w, https:\/\/pleinformat.pages-perso.free.fr\/wp-content\/uploads\/2018\/11\/DSO_4461_Web-768x432.jpg 768w, https:\/\/pleinformat.pages-perso.free.fr\/wp-content\/uploads\/2018\/11\/DSO_4461_Web-400x225.jpg 400w, https:\/\/pleinformat.pages-perso.free.fr\/wp-content\/uploads\/2018\/11\/DSO_4461_Web-860x484.jpg 860w\" sizes=\"auto, (max-width: 1422px) 100vw, 1422px\" \/><p id=\"caption-attachment-3730\" class=\"wp-caption-text\">23 octobre 2018, Portevenere\u00a0\u00e0 l&rsquo;extr\u00e9mit\u00e9 sud des Cinque Terre est consid\u00e9r\u00e9e comme la perle romantique de la Ligurie.<\/p><\/div>\n<div id=\"attachment_3731\" style=\"width: 1209px\" class=\"wp-caption alignleft\"><img loading=\"lazy\" decoding=\"async\" aria-describedby=\"caption-attachment-3731\" class=\"size-full wp-image-3731\" src=\"http:\/\/pleinformat.free.fr\/wp-content\/uploads\/2018\/11\/DSO_4518_Web.jpg\" alt=\"Portevenere\" width=\"1199\" height=\"800\" srcset=\"https:\/\/pleinformat.pages-perso.free.fr\/wp-content\/uploads\/2018\/11\/DSO_4518_Web.jpg 1199w, https:\/\/pleinformat.pages-perso.free.fr\/wp-content\/uploads\/2018\/11\/DSO_4518_Web-300x200.jpg 300w, https:\/\/pleinformat.pages-perso.free.fr\/wp-content\/uploads\/2018\/11\/DSO_4518_Web-768x512.jpg 768w\" sizes=\"auto, (max-width: 1199px) 100vw, 1199px\" \/><p id=\"caption-attachment-3731\" class=\"wp-caption-text\">23 octobre 2018, la chapelle Saint-Pierre est int\u00e9gr\u00e9e dans le syst\u00e8me de fortifications de Portevenere<\/p><\/div>\n<div id=\"attachment_3732\" style=\"width: 1209px\" class=\"wp-caption alignleft\"><img loading=\"lazy\" decoding=\"async\" aria-describedby=\"caption-attachment-3732\" class=\"size-full wp-image-3732\" src=\"http:\/\/pleinformat.free.fr\/wp-content\/uploads\/2018\/11\/DSO_4539_Web.jpg\" alt=\"Portevenere\" width=\"1199\" height=\"800\" srcset=\"https:\/\/pleinformat.pages-perso.free.fr\/wp-content\/uploads\/2018\/11\/DSO_4539_Web.jpg 1199w, https:\/\/pleinformat.pages-perso.free.fr\/wp-content\/uploads\/2018\/11\/DSO_4539_Web-300x200.jpg 300w, https:\/\/pleinformat.pages-perso.free.fr\/wp-content\/uploads\/2018\/11\/DSO_4539_Web-768x512.jpg 768w\" sizes=\"auto, (max-width: 1199px) 100vw, 1199px\" \/><p id=\"caption-attachment-3732\" class=\"wp-caption-text\">23 octobre 2018, le clocher de la basilique San Lorenzo \u00e0 Portevenere domine le golfe des po\u00e8tes.<\/p><\/div>\n<div id=\"attachment_3733\" style=\"width: 810px\" class=\"wp-caption alignleft\"><img loading=\"lazy\" decoding=\"async\" aria-describedby=\"caption-attachment-3733\" class=\"size-full wp-image-3733\" src=\"http:\/\/pleinformat.free.fr\/wp-content\/uploads\/2018\/11\/DSO_4562_Web.jpg\" alt=\"Portevenere\" width=\"800\" height=\"1199\" srcset=\"https:\/\/pleinformat.pages-perso.free.fr\/wp-content\/uploads\/2018\/11\/DSO_4562_Web.jpg 800w, https:\/\/pleinformat.pages-perso.free.fr\/wp-content\/uploads\/2018\/11\/DSO_4562_Web-200x300.jpg 200w, https:\/\/pleinformat.pages-perso.free.fr\/wp-content\/uploads\/2018\/11\/DSO_4562_Web-768x1151.jpg 768w, https:\/\/pleinformat.pages-perso.free.fr\/wp-content\/uploads\/2018\/11\/DSO_4562_Web-534x800.jpg 534w\" sizes=\"auto, (max-width: 800px) 100vw, 800px\" \/><p id=\"caption-attachment-3733\" class=\"wp-caption-text\">23 octobre 2018, la ruelle principale du vieux quartier de\u00a0Portevenere dessert les \u00ab\u00a0caruggis\u00a0\u00bb (\u00e9troites venelles)\u00a0qui serpentent entre boutiques et restaurants<\/p><\/div>\n<div id=\"attachment_3734\" style=\"width: 810px\" class=\"wp-caption alignleft\"><img loading=\"lazy\" decoding=\"async\" aria-describedby=\"caption-attachment-3734\" class=\"size-full wp-image-3734\" src=\"http:\/\/pleinformat.free.fr\/wp-content\/uploads\/2018\/11\/DSO_4576_Web.jpg\" alt=\"Portevenere\" width=\"800\" height=\"1199\" srcset=\"https:\/\/pleinformat.pages-perso.free.fr\/wp-content\/uploads\/2018\/11\/DSO_4576_Web.jpg 800w, https:\/\/pleinformat.pages-perso.free.fr\/wp-content\/uploads\/2018\/11\/DSO_4576_Web-200x300.jpg 200w, https:\/\/pleinformat.pages-perso.free.fr\/wp-content\/uploads\/2018\/11\/DSO_4576_Web-768x1151.jpg 768w, https:\/\/pleinformat.pages-perso.free.fr\/wp-content\/uploads\/2018\/11\/DSO_4576_Web-534x800.jpg 534w\" sizes=\"auto, (max-width: 800px) 100vw, 800px\" \/><p id=\"caption-attachment-3734\" class=\"wp-caption-text\">23 octobre 2018, \u00ab\u00a0La Porta del\u00a0\u00a0Borgo\u00a0\u00bb s&rsquo;ouvre sur le quartier historique de Portevenere.<\/p><\/div>\n","protected":false},"excerpt":{"rendered":"","protected":false},"author":1,"featured_media":0,"comment_status":"closed","ping_status":"closed","sticky":false,"template":"","format":"standard","meta":{"footnotes":""},"categories":[5],"tags":[],"class_list":["post-3735","post","type-post","status-publish","format-standard","hentry","category-52-a-la-une"],"_links":{"self":[{"href":"https:\/\/pleinformat.pages-perso.free.fr\/index.php\/wp-json\/wp\/v2\/posts\/3735","targetHints":{"allow":["GET"]}}],"collection":[{"href":"https:\/\/pleinformat.pages-perso.free.fr\/index.php\/wp-json\/wp\/v2\/posts"}],"about":[{"href":"https:\/\/pleinformat.pages-perso.free.fr\/index.php\/wp-json\/wp\/v2\/types\/post"}],"author":[{"embeddable":true,"href":"https:\/\/pleinformat.pages-perso.free.fr\/index.php\/wp-json\/wp\/v2\/users\/1"}],"replies":[{"embeddable":true,"href":"https:\/\/pleinformat.pages-perso.free.fr\/index.php\/wp-json\/wp\/v2\/comments?post=3735"}],"version-history":[{"count":0,"href":"https:\/\/pleinformat.pages-perso.free.fr\/index.php\/wp-json\/wp\/v2\/posts\/3735\/revisions"}],"wp:attachment":[{"href":"https:\/\/pleinformat.pages-perso.free.fr\/index.php\/wp-json\/wp\/v2\/media?parent=3735"}],"wp:term":[{"taxonomy":"category","embeddable":true,"href":"https:\/\/pleinformat.pages-perso.free.fr\/index.php\/wp-json\/wp\/v2\/categories?post=3735"},{"taxonomy":"post_tag","embeddable":true,"href":"https:\/\/pleinformat.pages-perso.free.fr\/index.php\/wp-json\/wp\/v2\/tags?post=3735"}],"curies":[{"name":"wp","href":"https:\/\/api.w.org\/{rel}","templated":true}]}}