{"id":3743,"date":"2018-11-11T14:04:49","date_gmt":"2018-11-11T13:04:49","guid":{"rendered":"http:\/\/pleinformat.free.fr\/?p=3743"},"modified":"2018-11-11T14:04:49","modified_gmt":"2018-11-11T13:04:49","slug":"les-cinque-terre-6","status":"publish","type":"post","link":"https:\/\/pleinformat.pages-perso.free.fr\/index.php\/les-cinque-terre-6\/","title":{"rendered":"Les Cinque Terre"},"content":{"rendered":"<div id=\"attachment_3739\" style=\"width: 1432px\" class=\"wp-caption alignleft\"><img loading=\"lazy\" decoding=\"async\" aria-describedby=\"caption-attachment-3739\" class=\"size-full wp-image-3739\" src=\"http:\/\/pleinformat.free.fr\/wp-content\/uploads\/2018\/11\/DSO_4301_Web.jpg\" alt=\"Corniglia\" width=\"1422\" height=\"800\" srcset=\"https:\/\/pleinformat.pages-perso.free.fr\/wp-content\/uploads\/2018\/11\/DSO_4301_Web.jpg 1422w, https:\/\/pleinformat.pages-perso.free.fr\/wp-content\/uploads\/2018\/11\/DSO_4301_Web-300x169.jpg 300w, https:\/\/pleinformat.pages-perso.free.fr\/wp-content\/uploads\/2018\/11\/DSO_4301_Web-768x432.jpg 768w, https:\/\/pleinformat.pages-perso.free.fr\/wp-content\/uploads\/2018\/11\/DSO_4301_Web-400x225.jpg 400w, https:\/\/pleinformat.pages-perso.free.fr\/wp-content\/uploads\/2018\/11\/DSO_4301_Web-860x484.jpg 860w\" sizes=\"auto, (max-width: 1422px) 100vw, 1422px\" \/><p id=\"caption-attachment-3739\" class=\"wp-caption-text\">24 octobre 2018, l&rsquo;approche\u00a0en bateau des\u00a0villages des Cinque Terre permet de d\u00e9couvrir ces terres mill\u00e9naires. Ici Corniglia perch\u00e9 sur son \u00e9peron rocheux.<\/p><\/div>\n<div id=\"attachment_3742\" style=\"width: 1432px\" class=\"wp-caption alignleft\"><img loading=\"lazy\" decoding=\"async\" aria-describedby=\"caption-attachment-3742\" class=\"size-full wp-image-3742\" src=\"http:\/\/pleinformat.free.fr\/wp-content\/uploads\/2018\/11\/DSO_4656_Web.jpg\" alt=\"Manarola\" width=\"1422\" height=\"800\" srcset=\"https:\/\/pleinformat.pages-perso.free.fr\/wp-content\/uploads\/2018\/11\/DSO_4656_Web.jpg 1422w, https:\/\/pleinformat.pages-perso.free.fr\/wp-content\/uploads\/2018\/11\/DSO_4656_Web-300x169.jpg 300w, https:\/\/pleinformat.pages-perso.free.fr\/wp-content\/uploads\/2018\/11\/DSO_4656_Web-768x432.jpg 768w, https:\/\/pleinformat.pages-perso.free.fr\/wp-content\/uploads\/2018\/11\/DSO_4656_Web-400x225.jpg 400w, https:\/\/pleinformat.pages-perso.free.fr\/wp-content\/uploads\/2018\/11\/DSO_4656_Web-860x484.jpg 860w\" sizes=\"auto, (max-width: 1422px) 100vw, 1422px\" \/><p id=\"caption-attachment-3742\" class=\"wp-caption-text\">24 octobre 2018, Manarola,\u00a0ses vignes en terrasse et murets de pierre s\u00e8che vus depuis la mer.<\/p><\/div>\n<div id=\"attachment_3741\" style=\"width: 1432px\" class=\"wp-caption alignleft\"><img loading=\"lazy\" decoding=\"async\" aria-describedby=\"caption-attachment-3741\" class=\"size-full wp-image-3741\" src=\"http:\/\/pleinformat.free.fr\/wp-content\/uploads\/2018\/11\/DSO_4646_Web.jpg\" alt=\"Riomaggiore\" width=\"1422\" height=\"800\" srcset=\"https:\/\/pleinformat.pages-perso.free.fr\/wp-content\/uploads\/2018\/11\/DSO_4646_Web.jpg 1422w, https:\/\/pleinformat.pages-perso.free.fr\/wp-content\/uploads\/2018\/11\/DSO_4646_Web-300x169.jpg 300w, https:\/\/pleinformat.pages-perso.free.fr\/wp-content\/uploads\/2018\/11\/DSO_4646_Web-768x432.jpg 768w, https:\/\/pleinformat.pages-perso.free.fr\/wp-content\/uploads\/2018\/11\/DSO_4646_Web-400x225.jpg 400w, https:\/\/pleinformat.pages-perso.free.fr\/wp-content\/uploads\/2018\/11\/DSO_4646_Web-860x484.jpg 860w\" sizes=\"auto, (max-width: 1422px) 100vw, 1422px\" \/><p id=\"caption-attachment-3741\" class=\"wp-caption-text\">24 octobre 2018, Riomaggiore et ses maisons\u00a0color\u00e9es face \u00e0 la mer.<\/p><\/div>\n<div id=\"attachment_3740\" style=\"width: 1432px\" class=\"wp-caption alignleft\"><img loading=\"lazy\" decoding=\"async\" aria-describedby=\"caption-attachment-3740\" class=\"size-full wp-image-3740\" src=\"http:\/\/pleinformat.free.fr\/wp-content\/uploads\/2018\/11\/DSO_4453_Web.jpg\" alt=\"Portevenere\" width=\"1422\" height=\"800\" srcset=\"https:\/\/pleinformat.pages-perso.free.fr\/wp-content\/uploads\/2018\/11\/DSO_4453_Web.jpg 1422w, https:\/\/pleinformat.pages-perso.free.fr\/wp-content\/uploads\/2018\/11\/DSO_4453_Web-300x169.jpg 300w, https:\/\/pleinformat.pages-perso.free.fr\/wp-content\/uploads\/2018\/11\/DSO_4453_Web-768x432.jpg 768w, https:\/\/pleinformat.pages-perso.free.fr\/wp-content\/uploads\/2018\/11\/DSO_4453_Web-400x225.jpg 400w, https:\/\/pleinformat.pages-perso.free.fr\/wp-content\/uploads\/2018\/11\/DSO_4453_Web-860x484.jpg 860w\" sizes=\"auto, (max-width: 1422px) 100vw, 1422px\" \/><p id=\"caption-attachment-3740\" class=\"wp-caption-text\">24 octobre 2018,\u00a0Portevenere fortifi\u00e9 contempl\u00e9 depuis\u00a0le\u00a0golfe des po\u00e8tes<\/p><\/div>\n","protected":false},"excerpt":{"rendered":"","protected":false},"author":1,"featured_media":0,"comment_status":"closed","ping_status":"closed","sticky":false,"template":"","format":"standard","meta":{"footnotes":""},"categories":[5],"tags":[],"class_list":["post-3743","post","type-post","status-publish","format-standard","hentry","category-52-a-la-une"],"_links":{"self":[{"href":"https:\/\/pleinformat.pages-perso.free.fr\/index.php\/wp-json\/wp\/v2\/posts\/3743","targetHints":{"allow":["GET"]}}],"collection":[{"href":"https:\/\/pleinformat.pages-perso.free.fr\/index.php\/wp-json\/wp\/v2\/posts"}],"about":[{"href":"https:\/\/pleinformat.pages-perso.free.fr\/index.php\/wp-json\/wp\/v2\/types\/post"}],"author":[{"embeddable":true,"href":"https:\/\/pleinformat.pages-perso.free.fr\/index.php\/wp-json\/wp\/v2\/users\/1"}],"replies":[{"embeddable":true,"href":"https:\/\/pleinformat.pages-perso.free.fr\/index.php\/wp-json\/wp\/v2\/comments?post=3743"}],"version-history":[{"count":0,"href":"https:\/\/pleinformat.pages-perso.free.fr\/index.php\/wp-json\/wp\/v2\/posts\/3743\/revisions"}],"wp:attachment":[{"href":"https:\/\/pleinformat.pages-perso.free.fr\/index.php\/wp-json\/wp\/v2\/media?parent=3743"}],"wp:term":[{"taxonomy":"category","embeddable":true,"href":"https:\/\/pleinformat.pages-perso.free.fr\/index.php\/wp-json\/wp\/v2\/categories?post=3743"},{"taxonomy":"post_tag","embeddable":true,"href":"https:\/\/pleinformat.pages-perso.free.fr\/index.php\/wp-json\/wp\/v2\/tags?post=3743"}],"curies":[{"name":"wp","href":"https:\/\/api.w.org\/{rel}","templated":true}]}}