{"id":4017,"date":"2019-02-21T10:13:04","date_gmt":"2019-02-21T09:13:04","guid":{"rendered":"http:\/\/pleinformat.free.fr\/?p=4017"},"modified":"2021-05-11T16:16:55","modified_gmt":"2021-05-11T14:16:55","slug":"grand-parc-miribel-jonage-73","status":"publish","type":"post","link":"https:\/\/pleinformat.pages-perso.free.fr\/index.php\/grand-parc-miribel-jonage-73\/","title":{"rendered":"Grand Parc Miribel-Jonage"},"content":{"rendered":"<div id=\"attachment_4014\" style=\"width: 1210px\" class=\"wp-caption alignleft\"><img loading=\"lazy\" decoding=\"async\" aria-describedby=\"caption-attachment-4014\" class=\"wp-image-4014 size-full\" src=\"http:\/\/pleinformat.free.fr\/wp-content\/uploads\/2019\/02\/DSO_7767_Web.jpg\" alt=\"Grand Parc Miribel-Jonage\" width=\"1200\" height=\"800\" srcset=\"https:\/\/pleinformat.pages-perso.free.fr\/wp-content\/uploads\/2019\/02\/DSO_7767_Web.jpg 1200w, https:\/\/pleinformat.pages-perso.free.fr\/wp-content\/uploads\/2019\/02\/DSO_7767_Web-300x200.jpg 300w, https:\/\/pleinformat.pages-perso.free.fr\/wp-content\/uploads\/2019\/02\/DSO_7767_Web-768x512.jpg 768w\" sizes=\"auto, (max-width: 1200px) 100vw, 1200px\" \/><p id=\"caption-attachment-4014\" class=\"wp-caption-text\">20 f\u00e9vrier 2019, une bergeronnette grise m\u00e9fiante arpente la rive du lac \u00e0 la recherche d&rsquo;insectes.<\/p><\/div>\n<div id=\"attachment_4015\" style=\"width: 1210px\" class=\"wp-caption alignleft\"><img loading=\"lazy\" decoding=\"async\" aria-describedby=\"caption-attachment-4015\" class=\"wp-image-4015 size-full\" src=\"http:\/\/pleinformat.free.fr\/wp-content\/uploads\/2019\/02\/DSO_7772_Web.jpg\" alt=\"Grand Parc Miribel-Jonage\" width=\"1200\" height=\"800\" srcset=\"https:\/\/pleinformat.pages-perso.free.fr\/wp-content\/uploads\/2019\/02\/DSO_7772_Web.jpg 1200w, https:\/\/pleinformat.pages-perso.free.fr\/wp-content\/uploads\/2019\/02\/DSO_7772_Web-300x200.jpg 300w, https:\/\/pleinformat.pages-perso.free.fr\/wp-content\/uploads\/2019\/02\/DSO_7772_Web-768x512.jpg 768w\" sizes=\"auto, (max-width: 1200px) 100vw, 1200px\" \/><p id=\"caption-attachment-4015\" class=\"wp-caption-text\">20 f\u00e9vrier 2019, la voil\u00e0 qui pi\u00e8te en marchant une patte devant l&rsquo;autre.\u00a0<\/p><\/div>\n","protected":false},"excerpt":{"rendered":"","protected":false},"author":1,"featured_media":0,"comment_status":"closed","ping_status":"closed","sticky":false,"template":"","format":"standard","meta":{"footnotes":""},"categories":[5],"tags":[],"class_list":["post-4017","post","type-post","status-publish","format-standard","hentry","category-52-a-la-une"],"_links":{"self":[{"href":"https:\/\/pleinformat.pages-perso.free.fr\/index.php\/wp-json\/wp\/v2\/posts\/4017","targetHints":{"allow":["GET"]}}],"collection":[{"href":"https:\/\/pleinformat.pages-perso.free.fr\/index.php\/wp-json\/wp\/v2\/posts"}],"about":[{"href":"https:\/\/pleinformat.pages-perso.free.fr\/index.php\/wp-json\/wp\/v2\/types\/post"}],"author":[{"embeddable":true,"href":"https:\/\/pleinformat.pages-perso.free.fr\/index.php\/wp-json\/wp\/v2\/users\/1"}],"replies":[{"embeddable":true,"href":"https:\/\/pleinformat.pages-perso.free.fr\/index.php\/wp-json\/wp\/v2\/comments?post=4017"}],"version-history":[{"count":0,"href":"https:\/\/pleinformat.pages-perso.free.fr\/index.php\/wp-json\/wp\/v2\/posts\/4017\/revisions"}],"wp:attachment":[{"href":"https:\/\/pleinformat.pages-perso.free.fr\/index.php\/wp-json\/wp\/v2\/media?parent=4017"}],"wp:term":[{"taxonomy":"category","embeddable":true,"href":"https:\/\/pleinformat.pages-perso.free.fr\/index.php\/wp-json\/wp\/v2\/categories?post=4017"},{"taxonomy":"post_tag","embeddable":true,"href":"https:\/\/pleinformat.pages-perso.free.fr\/index.php\/wp-json\/wp\/v2\/tags?post=4017"}],"curies":[{"name":"wp","href":"https:\/\/api.w.org\/{rel}","templated":true}]}}