{"id":4182,"date":"2019-05-04T20:47:10","date_gmt":"2019-05-04T18:47:10","guid":{"rendered":"http:\/\/pleinformat.free.fr\/?p=4182"},"modified":"2021-05-11T16:14:03","modified_gmt":"2021-05-11T14:14:03","slug":"grand-parc-miribel-jonage-79","status":"publish","type":"post","link":"https:\/\/pleinformat.pages-perso.free.fr\/index.php\/grand-parc-miribel-jonage-79\/","title":{"rendered":"Grand Parc Miribel-Jonage"},"content":{"rendered":"<div id=\"attachment_4178\" style=\"width: 1210px\" class=\"wp-caption alignleft\"><img loading=\"lazy\" decoding=\"async\" aria-describedby=\"caption-attachment-4178\" class=\"wp-image-4178 size-full\" src=\"http:\/\/pleinformat.free.fr\/wp-content\/uploads\/2019\/05\/DTA_2027_Web.jpg\" alt=\"Grand Parc Miribel-Jonage\" width=\"1200\" height=\"800\" srcset=\"https:\/\/pleinformat.pages-perso.free.fr\/wp-content\/uploads\/2019\/05\/DTA_2027_Web.jpg 1200w, https:\/\/pleinformat.pages-perso.free.fr\/wp-content\/uploads\/2019\/05\/DTA_2027_Web-300x200.jpg 300w, https:\/\/pleinformat.pages-perso.free.fr\/wp-content\/uploads\/2019\/05\/DTA_2027_Web-768x512.jpg 768w\" sizes=\"auto, (max-width: 1200px) 100vw, 1200px\" \/><p id=\"caption-attachment-4178\" class=\"wp-caption-text\">4 mai 2019, arriv\u00e9s t\u00f4t cette ann\u00e9e, les gu\u00eapiers d&rsquo;Europe sont certainement les plus color\u00e9s du parc en cette saison.<\/p><\/div>\n<div id=\"attachment_4177\" style=\"width: 1210px\" class=\"wp-caption alignleft\"><img loading=\"lazy\" decoding=\"async\" aria-describedby=\"caption-attachment-4177\" class=\"wp-image-4177 size-full\" src=\"http:\/\/pleinformat.free.fr\/wp-content\/uploads\/2019\/05\/DTA_2016_Web.jpg\" alt=\"Grand Parc Miribel-Jonage\" width=\"1200\" height=\"800\" srcset=\"https:\/\/pleinformat.pages-perso.free.fr\/wp-content\/uploads\/2019\/05\/DTA_2016_Web.jpg 1200w, https:\/\/pleinformat.pages-perso.free.fr\/wp-content\/uploads\/2019\/05\/DTA_2016_Web-300x200.jpg 300w, https:\/\/pleinformat.pages-perso.free.fr\/wp-content\/uploads\/2019\/05\/DTA_2016_Web-768x512.jpg 768w\" sizes=\"auto, (max-width: 1200px) 100vw, 1200px\" \/><p id=\"caption-attachment-4177\" class=\"wp-caption-text\">4 mai 2019, gu\u00eapier d&rsquo;Europe se posant sur un aff\u00fbt.<\/p><\/div>\n","protected":false},"excerpt":{"rendered":"","protected":false},"author":1,"featured_media":0,"comment_status":"closed","ping_status":"closed","sticky":false,"template":"","format":"standard","meta":{"footnotes":""},"categories":[5],"tags":[],"class_list":["post-4182","post","type-post","status-publish","format-standard","hentry","category-52-a-la-une"],"_links":{"self":[{"href":"https:\/\/pleinformat.pages-perso.free.fr\/index.php\/wp-json\/wp\/v2\/posts\/4182","targetHints":{"allow":["GET"]}}],"collection":[{"href":"https:\/\/pleinformat.pages-perso.free.fr\/index.php\/wp-json\/wp\/v2\/posts"}],"about":[{"href":"https:\/\/pleinformat.pages-perso.free.fr\/index.php\/wp-json\/wp\/v2\/types\/post"}],"author":[{"embeddable":true,"href":"https:\/\/pleinformat.pages-perso.free.fr\/index.php\/wp-json\/wp\/v2\/users\/1"}],"replies":[{"embeddable":true,"href":"https:\/\/pleinformat.pages-perso.free.fr\/index.php\/wp-json\/wp\/v2\/comments?post=4182"}],"version-history":[{"count":0,"href":"https:\/\/pleinformat.pages-perso.free.fr\/index.php\/wp-json\/wp\/v2\/posts\/4182\/revisions"}],"wp:attachment":[{"href":"https:\/\/pleinformat.pages-perso.free.fr\/index.php\/wp-json\/wp\/v2\/media?parent=4182"}],"wp:term":[{"taxonomy":"category","embeddable":true,"href":"https:\/\/pleinformat.pages-perso.free.fr\/index.php\/wp-json\/wp\/v2\/categories?post=4182"},{"taxonomy":"post_tag","embeddable":true,"href":"https:\/\/pleinformat.pages-perso.free.fr\/index.php\/wp-json\/wp\/v2\/tags?post=4182"}],"curies":[{"name":"wp","href":"https:\/\/api.w.org\/{rel}","templated":true}]}}