{"id":4327,"date":"2019-07-01T18:57:29","date_gmt":"2019-07-01T16:57:29","guid":{"rendered":"http:\/\/pleinformat.free.fr\/?p=4327"},"modified":"2021-05-11T17:29:03","modified_gmt":"2021-05-11T15:29:03","slug":"mix-city-12","status":"publish","type":"post","link":"https:\/\/pleinformat.pages-perso.free.fr\/index.php\/mix-city-12\/","title":{"rendered":"MIX CITY 12 \u00e0 Villeurbanne"},"content":{"rendered":"<p>Pour la douzi\u00e8me \u00e9dition de MIX CITY, la ville de Villeurbanne a mis \u00e0 disposition les murs d&rsquo;une friche dans l&rsquo;extension future du quartier Gratte-Ciel. Les graffeurs ont pu s&rsquo;exprimer et exposer leur talent au travers de cet art de la rue.<\/p>\n<div id=\"attachment_4330\" style=\"width: 1210px\" class=\"wp-caption alignleft\"><img loading=\"lazy\" decoding=\"async\" aria-describedby=\"caption-attachment-4330\" class=\"wp-image-4330 size-full\" src=\"http:\/\/pleinformat.free.fr\/wp-content\/uploads\/2019\/07\/DTA_5548_Web.jpg\" alt=\"Street art Villeurbanne - MIX CITY 12\" width=\"1200\" height=\"1104\" srcset=\"https:\/\/pleinformat.pages-perso.free.fr\/wp-content\/uploads\/2019\/07\/DTA_5548_Web.jpg 1200w, https:\/\/pleinformat.pages-perso.free.fr\/wp-content\/uploads\/2019\/07\/DTA_5548_Web-300x276.jpg 300w, https:\/\/pleinformat.pages-perso.free.fr\/wp-content\/uploads\/2019\/07\/DTA_5548_Web-768x707.jpg 768w, https:\/\/pleinformat.pages-perso.free.fr\/wp-content\/uploads\/2019\/07\/DTA_5548_Web-870x800.jpg 870w\" sizes=\"auto, (max-width: 1200px) 100vw, 1200px\" \/><p id=\"caption-attachment-4330\" class=\"wp-caption-text\">30 juin 2019, oeuvre monumentale du collectif bordelais ChariVari<\/p><\/div>\n<div id=\"attachment_4331\" style=\"width: 1210px\" class=\"wp-caption alignleft\"><img loading=\"lazy\" decoding=\"async\" aria-describedby=\"caption-attachment-4331\" class=\"wp-image-4331 size-full\" src=\"http:\/\/pleinformat.free.fr\/wp-content\/uploads\/2019\/07\/DTA_5566_Web.jpg\" alt=\"Street art Villeurbanne - MIX CITY 12\" width=\"1200\" height=\"800\" srcset=\"https:\/\/pleinformat.pages-perso.free.fr\/wp-content\/uploads\/2019\/07\/DTA_5566_Web.jpg 1200w, https:\/\/pleinformat.pages-perso.free.fr\/wp-content\/uploads\/2019\/07\/DTA_5566_Web-300x200.jpg 300w, https:\/\/pleinformat.pages-perso.free.fr\/wp-content\/uploads\/2019\/07\/DTA_5566_Web-768x512.jpg 768w\" sizes=\"auto, (max-width: 1200px) 100vw, 1200px\" \/><p id=\"caption-attachment-4331\" class=\"wp-caption-text\">30 juin 2019, Mix City 12<\/p><\/div>\n<div id=\"attachment_4332\" style=\"width: 1210px\" class=\"wp-caption alignleft\"><img loading=\"lazy\" decoding=\"async\" aria-describedby=\"caption-attachment-4332\" class=\"wp-image-4332 size-full\" src=\"http:\/\/pleinformat.free.fr\/wp-content\/uploads\/2019\/07\/DTA_5568_Web.jpg\" alt=\"Street art Villeurbanne - MIX CITY 12\" width=\"1200\" height=\"366\" srcset=\"https:\/\/pleinformat.pages-perso.free.fr\/wp-content\/uploads\/2019\/07\/DTA_5568_Web.jpg 1200w, https:\/\/pleinformat.pages-perso.free.fr\/wp-content\/uploads\/2019\/07\/DTA_5568_Web-300x92.jpg 300w, https:\/\/pleinformat.pages-perso.free.fr\/wp-content\/uploads\/2019\/07\/DTA_5568_Web-768x234.jpg 768w\" sizes=\"auto, (max-width: 1200px) 100vw, 1200px\" \/><p id=\"caption-attachment-4332\" class=\"wp-caption-text\">30 juin 2019, Mix City 12<\/p><\/div>\n<div id=\"attachment_4333\" style=\"width: 1210px\" class=\"wp-caption alignleft\"><img loading=\"lazy\" decoding=\"async\" aria-describedby=\"caption-attachment-4333\" class=\"wp-image-4333 size-full\" src=\"http:\/\/pleinformat.free.fr\/wp-content\/uploads\/2019\/07\/DTA_5569_Web.jpg\" alt=\"Street art Villeurbanne - MIX CITY 12\" width=\"1200\" height=\"675\" srcset=\"https:\/\/pleinformat.pages-perso.free.fr\/wp-content\/uploads\/2019\/07\/DTA_5569_Web.jpg 1200w, https:\/\/pleinformat.pages-perso.free.fr\/wp-content\/uploads\/2019\/07\/DTA_5569_Web-300x169.jpg 300w, https:\/\/pleinformat.pages-perso.free.fr\/wp-content\/uploads\/2019\/07\/DTA_5569_Web-768x432.jpg 768w, https:\/\/pleinformat.pages-perso.free.fr\/wp-content\/uploads\/2019\/07\/DTA_5569_Web-400x225.jpg 400w, https:\/\/pleinformat.pages-perso.free.fr\/wp-content\/uploads\/2019\/07\/DTA_5569_Web-860x484.jpg 860w\" sizes=\"auto, (max-width: 1200px) 100vw, 1200px\" \/><p id=\"caption-attachment-4333\" class=\"wp-caption-text\">30 juin 2019, Mix City 12<\/p><\/div>\n<div id=\"attachment_4334\" style=\"width: 1210px\" class=\"wp-caption alignleft\"><img loading=\"lazy\" decoding=\"async\" aria-describedby=\"caption-attachment-4334\" class=\"wp-image-4334 size-full\" src=\"http:\/\/pleinformat.free.fr\/wp-content\/uploads\/2019\/07\/DTA_5575_Web.jpg\" alt=\"Street art Villeurbanne - MIX CITY 12\" width=\"1200\" height=\"269\" srcset=\"https:\/\/pleinformat.pages-perso.free.fr\/wp-content\/uploads\/2019\/07\/DTA_5575_Web.jpg 1200w, https:\/\/pleinformat.pages-perso.free.fr\/wp-content\/uploads\/2019\/07\/DTA_5575_Web-300x67.jpg 300w, https:\/\/pleinformat.pages-perso.free.fr\/wp-content\/uploads\/2019\/07\/DTA_5575_Web-768x172.jpg 768w\" sizes=\"auto, (max-width: 1200px) 100vw, 1200px\" \/><p id=\"caption-attachment-4334\" class=\"wp-caption-text\">30 juin 2019, Mix City 12<\/p><\/div>\n<div id=\"attachment_4335\" style=\"width: 1210px\" class=\"wp-caption alignleft\"><img loading=\"lazy\" decoding=\"async\" aria-describedby=\"caption-attachment-4335\" class=\"wp-image-4335 size-full\" src=\"http:\/\/pleinformat.free.fr\/wp-content\/uploads\/2019\/07\/DTA_5580_Web.jpg\" alt=\"Street art Villeurbanne - MIX CITY 12\" width=\"1200\" height=\"800\" srcset=\"https:\/\/pleinformat.pages-perso.free.fr\/wp-content\/uploads\/2019\/07\/DTA_5580_Web.jpg 1200w, https:\/\/pleinformat.pages-perso.free.fr\/wp-content\/uploads\/2019\/07\/DTA_5580_Web-300x200.jpg 300w, https:\/\/pleinformat.pages-perso.free.fr\/wp-content\/uploads\/2019\/07\/DTA_5580_Web-768x512.jpg 768w\" sizes=\"auto, (max-width: 1200px) 100vw, 1200px\" \/><p id=\"caption-attachment-4335\" class=\"wp-caption-text\">30 juin 2019, Mix City 12<\/p><\/div>\n<div id=\"attachment_4336\" style=\"width: 1210px\" class=\"wp-caption alignleft\"><img loading=\"lazy\" decoding=\"async\" aria-describedby=\"caption-attachment-4336\" class=\"wp-image-4336 size-full\" src=\"http:\/\/pleinformat.free.fr\/wp-content\/uploads\/2019\/07\/DTA_5589_Web.jpg\" alt=\"Street art Villeurbanne - MIX CITY 12\" width=\"1200\" height=\"675\" srcset=\"https:\/\/pleinformat.pages-perso.free.fr\/wp-content\/uploads\/2019\/07\/DTA_5589_Web.jpg 1200w, https:\/\/pleinformat.pages-perso.free.fr\/wp-content\/uploads\/2019\/07\/DTA_5589_Web-300x169.jpg 300w, https:\/\/pleinformat.pages-perso.free.fr\/wp-content\/uploads\/2019\/07\/DTA_5589_Web-768x432.jpg 768w, https:\/\/pleinformat.pages-perso.free.fr\/wp-content\/uploads\/2019\/07\/DTA_5589_Web-400x225.jpg 400w, https:\/\/pleinformat.pages-perso.free.fr\/wp-content\/uploads\/2019\/07\/DTA_5589_Web-860x484.jpg 860w\" sizes=\"auto, (max-width: 1200px) 100vw, 1200px\" \/><p id=\"caption-attachment-4336\" class=\"wp-caption-text\">30 juin 2019, Mix City 12<\/p><\/div>\n<div id=\"attachment_4337\" style=\"width: 1210px\" class=\"wp-caption alignleft\"><img loading=\"lazy\" decoding=\"async\" aria-describedby=\"caption-attachment-4337\" class=\"wp-image-4337 size-full\" src=\"http:\/\/pleinformat.free.fr\/wp-content\/uploads\/2019\/07\/DTA_5599_Web.jpg\" alt=\"Street art Villeurbanne - MIX CITY 12\" width=\"1200\" height=\"606\" srcset=\"https:\/\/pleinformat.pages-perso.free.fr\/wp-content\/uploads\/2019\/07\/DTA_5599_Web.jpg 1200w, https:\/\/pleinformat.pages-perso.free.fr\/wp-content\/uploads\/2019\/07\/DTA_5599_Web-300x152.jpg 300w, https:\/\/pleinformat.pages-perso.free.fr\/wp-content\/uploads\/2019\/07\/DTA_5599_Web-768x388.jpg 768w\" sizes=\"auto, (max-width: 1200px) 100vw, 1200px\" \/><p id=\"caption-attachment-4337\" class=\"wp-caption-text\">30 juin 2019, Mix City 12<\/p><\/div>\n<div id=\"attachment_4348\" style=\"width: 2094px\" class=\"wp-caption alignleft\"><img loading=\"lazy\" decoding=\"async\" aria-describedby=\"caption-attachment-4348\" class=\"wp-image-4348 size-full\" src=\"http:\/\/pleinformat.free.fr\/wp-content\/uploads\/2019\/07\/DTA_5622_Web.jpg\" alt=\"Street art Villeurbanne - MIX CITY 12\" width=\"2084\" height=\"800\" srcset=\"https:\/\/pleinformat.pages-perso.free.fr\/wp-content\/uploads\/2019\/07\/DTA_5622_Web.jpg 2084w, https:\/\/pleinformat.pages-perso.free.fr\/wp-content\/uploads\/2019\/07\/DTA_5622_Web-300x115.jpg 300w, https:\/\/pleinformat.pages-perso.free.fr\/wp-content\/uploads\/2019\/07\/DTA_5622_Web-768x295.jpg 768w\" sizes=\"auto, (max-width: 2084px) 100vw, 2084px\" \/><p id=\"caption-attachment-4348\" class=\"wp-caption-text\">30 juin 2019, oeuvre collective avec la participation du graffeur ABIM<\/p><\/div>\n<div id=\"attachment_4338\" style=\"width: 1210px\" class=\"wp-caption alignleft\"><img loading=\"lazy\" decoding=\"async\" aria-describedby=\"caption-attachment-4338\" class=\"wp-image-4338 size-full\" src=\"http:\/\/pleinformat.free.fr\/wp-content\/uploads\/2019\/07\/DTA_5608_Web.jpg\" alt=\"Street art Villeurbanne - MIX CITY 12\" width=\"1200\" height=\"736\" srcset=\"https:\/\/pleinformat.pages-perso.free.fr\/wp-content\/uploads\/2019\/07\/DTA_5608_Web.jpg 1200w, https:\/\/pleinformat.pages-perso.free.fr\/wp-content\/uploads\/2019\/07\/DTA_5608_Web-300x184.jpg 300w, https:\/\/pleinformat.pages-perso.free.fr\/wp-content\/uploads\/2019\/07\/DTA_5608_Web-768x471.jpg 768w\" sizes=\"auto, (max-width: 1200px) 100vw, 1200px\" \/><p id=\"caption-attachment-4338\" class=\"wp-caption-text\">30 juin 2019, Mix City 12<\/p><\/div>\n<div id=\"attachment_4339\" style=\"width: 1210px\" class=\"wp-caption alignleft\"><img loading=\"lazy\" decoding=\"async\" aria-describedby=\"caption-attachment-4339\" class=\"wp-image-4339 size-full\" src=\"http:\/\/pleinformat.free.fr\/wp-content\/uploads\/2019\/07\/DTA_5609_Web.jpg\" alt=\"Street art Villeurbanne - MIX CITY 12\" width=\"1200\" height=\"381\" srcset=\"https:\/\/pleinformat.pages-perso.free.fr\/wp-content\/uploads\/2019\/07\/DTA_5609_Web.jpg 1200w, https:\/\/pleinformat.pages-perso.free.fr\/wp-content\/uploads\/2019\/07\/DTA_5609_Web-300x95.jpg 300w, https:\/\/pleinformat.pages-perso.free.fr\/wp-content\/uploads\/2019\/07\/DTA_5609_Web-768x244.jpg 768w\" sizes=\"auto, (max-width: 1200px) 100vw, 1200px\" \/><p id=\"caption-attachment-4339\" class=\"wp-caption-text\">30 juin 2019, Mix City 12<\/p><\/div>\n","protected":false},"excerpt":{"rendered":"<p>Pour la douzi\u00e8me \u00e9dition de MIX CITY, la ville de Villeurbanne a mis \u00e0 disposition les murs d&rsquo;une friche dans l&rsquo;extension future du quartier Gratte-Ciel. Les graffeurs ont pu s&rsquo;exprimer et exposer leur talent au travers de cet art de <a class=\"more-link\" href=\"https:\/\/pleinformat.pages-perso.free.fr\/index.php\/mix-city-12\/\">Lire plus &#8230;<\/a><\/p>\n","protected":false},"author":1,"featured_media":0,"comment_status":"closed","ping_status":"closed","sticky":false,"template":"","format":"standard","meta":{"footnotes":""},"categories":[5],"tags":[],"class_list":["post-4327","post","type-post","status-publish","format-standard","hentry","category-52-a-la-une"],"_links":{"self":[{"href":"https:\/\/pleinformat.pages-perso.free.fr\/index.php\/wp-json\/wp\/v2\/posts\/4327","targetHints":{"allow":["GET"]}}],"collection":[{"href":"https:\/\/pleinformat.pages-perso.free.fr\/index.php\/wp-json\/wp\/v2\/posts"}],"about":[{"href":"https:\/\/pleinformat.pages-perso.free.fr\/index.php\/wp-json\/wp\/v2\/types\/post"}],"author":[{"embeddable":true,"href":"https:\/\/pleinformat.pages-perso.free.fr\/index.php\/wp-json\/wp\/v2\/users\/1"}],"replies":[{"embeddable":true,"href":"https:\/\/pleinformat.pages-perso.free.fr\/index.php\/wp-json\/wp\/v2\/comments?post=4327"}],"version-history":[{"count":0,"href":"https:\/\/pleinformat.pages-perso.free.fr\/index.php\/wp-json\/wp\/v2\/posts\/4327\/revisions"}],"wp:attachment":[{"href":"https:\/\/pleinformat.pages-perso.free.fr\/index.php\/wp-json\/wp\/v2\/media?parent=4327"}],"wp:term":[{"taxonomy":"category","embeddable":true,"href":"https:\/\/pleinformat.pages-perso.free.fr\/index.php\/wp-json\/wp\/v2\/categories?post=4327"},{"taxonomy":"post_tag","embeddable":true,"href":"https:\/\/pleinformat.pages-perso.free.fr\/index.php\/wp-json\/wp\/v2\/tags?post=4327"}],"curies":[{"name":"wp","href":"https:\/\/api.w.org\/{rel}","templated":true}]}}