{"id":4533,"date":"2019-10-25T10:00:44","date_gmt":"2019-10-25T08:00:44","guid":{"rendered":"http:\/\/pleinformat.free.fr\/?p=4533"},"modified":"2021-05-11T14:41:30","modified_gmt":"2021-05-11T12:41:30","slug":"objets-dun-autre-temps-17","status":"publish","type":"post","link":"https:\/\/pleinformat.pages-perso.free.fr\/index.php\/objets-dun-autre-temps-17\/","title":{"rendered":"Objets d&rsquo;un autre temps"},"content":{"rendered":"<p>Devinette: connaissez vous la place de Louis Le Grand \u00e0 LYON?<\/p>\n<div id=\"attachment_4528\" style=\"width: 1210px\" class=\"wp-caption alignleft\"><img loading=\"lazy\" decoding=\"async\" aria-describedby=\"caption-attachment-4528\" class=\"wp-image-4528 size-full\" src=\"http:\/\/pleinformat.free.fr\/wp-content\/uploads\/2019\/10\/DSP_4261_Web.jpg\" alt=\"Objets d'un autre temps\" width=\"1200\" height=\"800\" srcset=\"https:\/\/pleinformat.pages-perso.free.fr\/wp-content\/uploads\/2019\/10\/DSP_4261_Web.jpg 1200w, https:\/\/pleinformat.pages-perso.free.fr\/wp-content\/uploads\/2019\/10\/DSP_4261_Web-300x200.jpg 300w, https:\/\/pleinformat.pages-perso.free.fr\/wp-content\/uploads\/2019\/10\/DSP_4261_Web-768x512.jpg 768w\" sizes=\"auto, (max-width: 1200px) 100vw, 1200px\" \/><p id=\"caption-attachment-4528\" class=\"wp-caption-text\">25 octobre 2019, c&rsquo;est l&rsquo;actuelle place Bellecour, plus grande place pi\u00e9tonne d&rsquo;Europe, et point kilom\u00e9trique z\u00e9ro de Lyon: toutes les distances sont compt\u00e9es \u00e0 partir de ce point. La place Bellecour a chang\u00e9 plusieurs fois de nom: 1714, Place Louis le Grand (hommage \u00e0 Louis XIV qui d\u00e9c\u00e9dera en 1715) &#8211; 1790, Place de la F\u00e9d\u00e9ration (R\u00e9volution) &#8211; 1792, Place de L\u2019Egalit\u00e9 (Terreur) &#8211; 1801, Place Bonaparte (Empire) &#8211; 1814, Place Louis le Grand (Restauration) &#8211; 1848, Place Bellecour (Deuxi\u00e8me R\u00e9publique) &#8211; 1852, Place Louis le Grand (Second Empire) &#8211; 1871, Place Bellecour (Troisi\u00e8me R\u00e9publique) et derni\u00e8re d\u00e9nomination &#8211; (source Wikip\u00e9dia). Malgr\u00e9 les r\u00e9fections de fa\u00e7ades qui bordent la place, la plaque signal\u00e9tique a surv\u00e9cu.<\/p><\/div>\n","protected":false},"excerpt":{"rendered":"<p>Devinette: connaissez vous la place de Louis Le Grand \u00e0 LYON?<\/p>\n","protected":false},"author":1,"featured_media":0,"comment_status":"closed","ping_status":"closed","sticky":false,"template":"","format":"standard","meta":{"footnotes":""},"categories":[5],"tags":[],"class_list":["post-4533","post","type-post","status-publish","format-standard","hentry","category-52-a-la-une"],"_links":{"self":[{"href":"https:\/\/pleinformat.pages-perso.free.fr\/index.php\/wp-json\/wp\/v2\/posts\/4533","targetHints":{"allow":["GET"]}}],"collection":[{"href":"https:\/\/pleinformat.pages-perso.free.fr\/index.php\/wp-json\/wp\/v2\/posts"}],"about":[{"href":"https:\/\/pleinformat.pages-perso.free.fr\/index.php\/wp-json\/wp\/v2\/types\/post"}],"author":[{"embeddable":true,"href":"https:\/\/pleinformat.pages-perso.free.fr\/index.php\/wp-json\/wp\/v2\/users\/1"}],"replies":[{"embeddable":true,"href":"https:\/\/pleinformat.pages-perso.free.fr\/index.php\/wp-json\/wp\/v2\/comments?post=4533"}],"version-history":[{"count":0,"href":"https:\/\/pleinformat.pages-perso.free.fr\/index.php\/wp-json\/wp\/v2\/posts\/4533\/revisions"}],"wp:attachment":[{"href":"https:\/\/pleinformat.pages-perso.free.fr\/index.php\/wp-json\/wp\/v2\/media?parent=4533"}],"wp:term":[{"taxonomy":"category","embeddable":true,"href":"https:\/\/pleinformat.pages-perso.free.fr\/index.php\/wp-json\/wp\/v2\/categories?post=4533"},{"taxonomy":"post_tag","embeddable":true,"href":"https:\/\/pleinformat.pages-perso.free.fr\/index.php\/wp-json\/wp\/v2\/tags?post=4533"}],"curies":[{"name":"wp","href":"https:\/\/api.w.org\/{rel}","templated":true}]}}