{"id":5500,"date":"2020-10-20T10:00:29","date_gmt":"2020-10-20T08:00:29","guid":{"rendered":"http:\/\/pleinformat.free.fr\/?p=5500"},"modified":"2020-10-18T21:16:29","modified_gmt":"2020-10-18T19:16:29","slug":"brame-du-cerf-3","status":"publish","type":"post","link":"https:\/\/pleinformat.pages-perso.free.fr\/index.php\/brame-du-cerf-3\/","title":{"rendered":"Brame du cerf"},"content":{"rendered":"<p>Mon escapade photographique en Vercors pour le brame du cerf fut de courte dur\u00e9e. Les conditions m\u00e9t\u00e9o \u00e9taient hivernales: gel, vent violent et surtout brouillard r\u00e9duisant la visibilit\u00e9 \u00e0 quelques dizaines de m\u00e8tres. A la faveur d&rsquo;une \u00e9claircie j&rsquo;ai captur\u00e9 quelques rares images.<\/p>\n<div id=\"attachment_5494\" style=\"width: 1210px\" class=\"wp-caption alignleft\"><img loading=\"lazy\" decoding=\"async\" aria-describedby=\"caption-attachment-5494\" class=\"size-full wp-image-5494\" src=\"http:\/\/pleinformat.free.fr\/wp-content\/uploads\/2020\/10\/DTB_9535_Web.jpg\" alt=\"\" width=\"1200\" height=\"800\" srcset=\"https:\/\/pleinformat.pages-perso.free.fr\/wp-content\/uploads\/2020\/10\/DTB_9535_Web.jpg 1200w, https:\/\/pleinformat.pages-perso.free.fr\/wp-content\/uploads\/2020\/10\/DTB_9535_Web-300x200.jpg 300w, https:\/\/pleinformat.pages-perso.free.fr\/wp-content\/uploads\/2020\/10\/DTB_9535_Web-768x512.jpg 768w\" sizes=\"auto, (max-width: 1200px) 100vw, 1200px\" \/><p id=\"caption-attachment-5494\" class=\"wp-caption-text\">20 octobre 2020, brocard, biches et cerf se sont rassembl\u00e9s dans la prairie.<\/p><\/div>\n<div id=\"attachment_5496\" style=\"width: 1210px\" class=\"wp-caption alignleft\"><img loading=\"lazy\" decoding=\"async\" aria-describedby=\"caption-attachment-5496\" class=\"size-full wp-image-5496\" src=\"http:\/\/pleinformat.free.fr\/wp-content\/uploads\/2020\/10\/DTB_9577_Web.jpg\" alt=\"\" width=\"1200\" height=\"800\" srcset=\"https:\/\/pleinformat.pages-perso.free.fr\/wp-content\/uploads\/2020\/10\/DTB_9577_Web.jpg 1200w, https:\/\/pleinformat.pages-perso.free.fr\/wp-content\/uploads\/2020\/10\/DTB_9577_Web-300x200.jpg 300w, https:\/\/pleinformat.pages-perso.free.fr\/wp-content\/uploads\/2020\/10\/DTB_9577_Web-768x512.jpg 768w\" sizes=\"auto, (max-width: 1200px) 100vw, 1200px\" \/><p id=\"caption-attachment-5496\" class=\"wp-caption-text\">20 octobre 2020, une biche isol\u00e9e broute dans la pelouse<\/p><\/div>\n<div id=\"attachment_5497\" style=\"width: 1210px\" class=\"wp-caption alignleft\"><img loading=\"lazy\" decoding=\"async\" aria-describedby=\"caption-attachment-5497\" class=\"size-full wp-image-5497\" src=\"http:\/\/pleinformat.free.fr\/wp-content\/uploads\/2020\/10\/DTB_9586_Web.jpg\" alt=\"\" width=\"1200\" height=\"800\" srcset=\"https:\/\/pleinformat.pages-perso.free.fr\/wp-content\/uploads\/2020\/10\/DTB_9586_Web.jpg 1200w, https:\/\/pleinformat.pages-perso.free.fr\/wp-content\/uploads\/2020\/10\/DTB_9586_Web-300x200.jpg 300w, https:\/\/pleinformat.pages-perso.free.fr\/wp-content\/uploads\/2020\/10\/DTB_9586_Web-768x512.jpg 768w\" sizes=\"auto, (max-width: 1200px) 100vw, 1200px\" \/><p id=\"caption-attachment-5497\" class=\"wp-caption-text\">20 octobre 2020, une biche et son faon observent dans ma direction. Je suis pourtant \u00e0 une centaine de m\u00e8tres et le vent m&rsquo;est favorable. Apr\u00e8s quelques moments d&rsquo;inqui\u00e9tude, ils continueront \u00e0 brouter.<\/p><\/div>\n","protected":false},"excerpt":{"rendered":"<p>Mon escapade photographique en Vercors pour le brame du cerf fut de courte dur\u00e9e. Les conditions m\u00e9t\u00e9o \u00e9taient hivernales: gel, vent violent et surtout brouillard r\u00e9duisant la visibilit\u00e9 \u00e0 quelques dizaines de m\u00e8tres. A la faveur d&rsquo;une \u00e9claircie j&rsquo;ai captur\u00e9 <a class=\"more-link\" href=\"https:\/\/pleinformat.pages-perso.free.fr\/index.php\/brame-du-cerf-3\/\">Lire plus &#8230;<\/a><\/p>\n","protected":false},"author":1,"featured_media":0,"comment_status":"closed","ping_status":"closed","sticky":false,"template":"","format":"standard","meta":{"footnotes":""},"categories":[5],"tags":[],"class_list":["post-5500","post","type-post","status-publish","format-standard","hentry","category-52-a-la-une"],"_links":{"self":[{"href":"https:\/\/pleinformat.pages-perso.free.fr\/index.php\/wp-json\/wp\/v2\/posts\/5500","targetHints":{"allow":["GET"]}}],"collection":[{"href":"https:\/\/pleinformat.pages-perso.free.fr\/index.php\/wp-json\/wp\/v2\/posts"}],"about":[{"href":"https:\/\/pleinformat.pages-perso.free.fr\/index.php\/wp-json\/wp\/v2\/types\/post"}],"author":[{"embeddable":true,"href":"https:\/\/pleinformat.pages-perso.free.fr\/index.php\/wp-json\/wp\/v2\/users\/1"}],"replies":[{"embeddable":true,"href":"https:\/\/pleinformat.pages-perso.free.fr\/index.php\/wp-json\/wp\/v2\/comments?post=5500"}],"version-history":[{"count":0,"href":"https:\/\/pleinformat.pages-perso.free.fr\/index.php\/wp-json\/wp\/v2\/posts\/5500\/revisions"}],"wp:attachment":[{"href":"https:\/\/pleinformat.pages-perso.free.fr\/index.php\/wp-json\/wp\/v2\/media?parent=5500"}],"wp:term":[{"taxonomy":"category","embeddable":true,"href":"https:\/\/pleinformat.pages-perso.free.fr\/index.php\/wp-json\/wp\/v2\/categories?post=5500"},{"taxonomy":"post_tag","embeddable":true,"href":"https:\/\/pleinformat.pages-perso.free.fr\/index.php\/wp-json\/wp\/v2\/tags?post=5500"}],"curies":[{"name":"wp","href":"https:\/\/api.w.org\/{rel}","templated":true}]}}