{"id":5727,"date":"2021-02-05T10:00:52","date_gmt":"2021-02-05T09:00:52","guid":{"rendered":"http:\/\/pleinformat.free.fr\/?p=5727"},"modified":"2021-05-11T15:31:41","modified_gmt":"2021-05-11T13:31:41","slug":"grand-parc-miribel-jonage-159","status":"publish","type":"post","link":"https:\/\/pleinformat.pages-perso.free.fr\/index.php\/grand-parc-miribel-jonage-159\/","title":{"rendered":"Grand Parc Miribel-Jonage"},"content":{"rendered":"<div id=\"attachment_5737\" style=\"width: 8126px\" class=\"wp-caption alignleft\"><a  href=\"http:\/\/pleinformat.free.fr\/wp-content\/uploads\/2021\/01\/DTC_0960_0978_autopano_Web.jpg\" data-rel=\"lightbox-gallery-0\" data-rl_title=\"\" data-rl_caption=\"\" title=\"\"><img loading=\"lazy\" decoding=\"async\" aria-describedby=\"caption-attachment-5737\" class=\"wp-image-5737 size-full\" src=\"http:\/\/pleinformat.free.fr\/wp-content\/uploads\/2021\/01\/DTC_0960_0978_autopano_Web.jpg\" alt=\"Grand Parc Miribel-Jonage - Street art\" width=\"8116\" height=\"800\" srcset=\"https:\/\/pleinformat.pages-perso.free.fr\/wp-content\/uploads\/2021\/01\/DTC_0960_0978_autopano_Web.jpg 8116w, https:\/\/pleinformat.pages-perso.free.fr\/wp-content\/uploads\/2021\/01\/DTC_0960_0978_autopano_Web-300x30.jpg 300w, https:\/\/pleinformat.pages-perso.free.fr\/wp-content\/uploads\/2021\/01\/DTC_0960_0978_autopano_Web-768x76.jpg 768w, https:\/\/pleinformat.pages-perso.free.fr\/wp-content\/uploads\/2021\/01\/DTC_0960_0978_autopano_Web-1536x151.jpg 1536w, https:\/\/pleinformat.pages-perso.free.fr\/wp-content\/uploads\/2021\/01\/DTC_0960_0978_autopano_Web-2048x202.jpg 2048w\" sizes=\"auto, (max-width: 8116px) 100vw, 8116px\" \/><\/a><p id=\"caption-attachment-5737\" class=\"wp-caption-text\">5 f\u00e9vrier 2021, fresque g\u00e9ante de 122m\u00b2 (35m*3,5m) r\u00e9alis\u00e9e par trois jeunes artistes (Juliette Hostal, Vincent Leclere et Vincent Sonnery) sortis de la premi\u00e8re promotion d\u0092Ecohlcit\u00e9 (association entre la Cit\u00e9 de la cr\u00e9ation et l\u0092\u00e9cole Emile-Cohl). Avec la participation de jeunes du centre social Georges L\u00e9vy de Vaulx en Velin &#8211; Production APRR et Grand Parc Miribel-Jonage. R\u00e9alisation juillet 2016. Inaugur\u00e9e en septembre 2016.<br \/>Cliquez sur l&rsquo;image pour l&rsquo;agrandir et la visualiser en pleine hauteur sur votre \u00e9cran.<\/p><\/div>\n","protected":false},"excerpt":{"rendered":"","protected":false},"author":1,"featured_media":0,"comment_status":"closed","ping_status":"closed","sticky":false,"template":"","format":"standard","meta":{"footnotes":""},"categories":[5],"tags":[],"class_list":["post-5727","post","type-post","status-publish","format-standard","hentry","category-52-a-la-une"],"_links":{"self":[{"href":"https:\/\/pleinformat.pages-perso.free.fr\/index.php\/wp-json\/wp\/v2\/posts\/5727","targetHints":{"allow":["GET"]}}],"collection":[{"href":"https:\/\/pleinformat.pages-perso.free.fr\/index.php\/wp-json\/wp\/v2\/posts"}],"about":[{"href":"https:\/\/pleinformat.pages-perso.free.fr\/index.php\/wp-json\/wp\/v2\/types\/post"}],"author":[{"embeddable":true,"href":"https:\/\/pleinformat.pages-perso.free.fr\/index.php\/wp-json\/wp\/v2\/users\/1"}],"replies":[{"embeddable":true,"href":"https:\/\/pleinformat.pages-perso.free.fr\/index.php\/wp-json\/wp\/v2\/comments?post=5727"}],"version-history":[{"count":0,"href":"https:\/\/pleinformat.pages-perso.free.fr\/index.php\/wp-json\/wp\/v2\/posts\/5727\/revisions"}],"wp:attachment":[{"href":"https:\/\/pleinformat.pages-perso.free.fr\/index.php\/wp-json\/wp\/v2\/media?parent=5727"}],"wp:term":[{"taxonomy":"category","embeddable":true,"href":"https:\/\/pleinformat.pages-perso.free.fr\/index.php\/wp-json\/wp\/v2\/categories?post=5727"},{"taxonomy":"post_tag","embeddable":true,"href":"https:\/\/pleinformat.pages-perso.free.fr\/index.php\/wp-json\/wp\/v2\/tags?post=5727"}],"curies":[{"name":"wp","href":"https:\/\/api.w.org\/{rel}","templated":true}]}}