{"id":8350,"date":"2022-11-10T10:00:00","date_gmt":"2022-11-10T09:00:00","guid":{"rendered":"http:\/\/pleinformat.free.fr\/?p=8350"},"modified":"2026-05-19T20:57:51","modified_gmt":"2026-05-19T18:57:51","slug":"villeurbanne-oubliee-7","status":"publish","type":"post","link":"https:\/\/pleinformat.pages-perso.free.fr\/index.php\/villeurbanne-oubliee-7\/","title":{"rendered":"Villeurbanne oubli\u00e9e"},"content":{"rendered":"<div class=\"mceTemp\"><\/div>\n<p>Notre environnement urbain \u00e9volue sans cesse. Sous l&rsquo;effet de la pression urbanistique les quartiers se transforment au rythme des d\u00e9molitions, modifications, requalifications, constructions. En conservant une trace num\u00e9rique de l\u2019histoire des lieux, cette rubrique veut \u00eatre un t\u00e9moignage du pass\u00e9 architectural de Villeurbanne (Rh\u00f4ne), pass\u00e9 oubli\u00e9 et pourtant si proche. Les images publi\u00e9es sous cette rubrique sont archiv\u00e9es dans la galerie <a href=\"https:\/\/pleinformat.pages-perso.free.fr\/index.php\/galeries\/villeurbanne-oubliee\/\">\u00ab\u00a0Villeurbanne oubli\u00e9e\u00a0\u00bb<\/a>.<\/p>\n<div id=\"attachment_8348\" style=\"width: 1209px\" class=\"wp-caption alignleft\"><img loading=\"lazy\" decoding=\"async\" aria-describedby=\"caption-attachment-8348\" class=\"size-full wp-image-8348\" src=\"http:\/\/pleinformat.free.fr\/wp-content\/uploads\/2022\/08\/DSG_2520_Web.jpg\" alt=\"Villeurbanne oubli\u00e9e - Eglise de la Ferrandi\u00e8re - C\u0153ur immacul\u00e9 de Marie\" width=\"1199\" height=\"800\" srcset=\"https:\/\/pleinformat.pages-perso.free.fr\/wp-content\/uploads\/2022\/08\/DSG_2520_Web.jpg 1199w, https:\/\/pleinformat.pages-perso.free.fr\/wp-content\/uploads\/2022\/08\/DSG_2520_Web-300x200.jpg 300w, https:\/\/pleinformat.pages-perso.free.fr\/wp-content\/uploads\/2022\/08\/DSG_2520_Web-768x512.jpg 768w\" sizes=\"auto, (max-width: 1199px) 100vw, 1199px\" \/><p id=\"caption-attachment-8348\" class=\"wp-caption-text\">10 novembre 2022, au 34 rue Richelieu, l&rsquo;Eglise de la Ferrandi\u00e8re ou Paroisse Catholique C\u0153ur Immacul\u00e9 de Marie, en f\u00e9vrier 2015. L&rsquo;\u00e9glise est construite en 1838, consacr\u00e9e en 1842, d\u00e9truite en mars 2016 au profit d&rsquo;un projet immobilier.<\/p><\/div>\n<div id=\"attachment_8349\" style=\"width: 1209px\" class=\"wp-caption alignleft\"><img loading=\"lazy\" decoding=\"async\" aria-describedby=\"caption-attachment-8349\" class=\"size-full wp-image-8349\" src=\"http:\/\/pleinformat.free.fr\/wp-content\/uploads\/2022\/08\/DSG_2525_Web.jpg\" alt=\"Villeurbanne oubli\u00e9e - Eglise de la Ferrandi\u00e8re - C\u0153ur immacul\u00e9 de Marie\" width=\"1199\" height=\"800\" srcset=\"https:\/\/pleinformat.pages-perso.free.fr\/wp-content\/uploads\/2022\/08\/DSG_2525_Web.jpg 1199w, https:\/\/pleinformat.pages-perso.free.fr\/wp-content\/uploads\/2022\/08\/DSG_2525_Web-300x200.jpg 300w, https:\/\/pleinformat.pages-perso.free.fr\/wp-content\/uploads\/2022\/08\/DSG_2525_Web-768x512.jpg 768w\" sizes=\"auto, (max-width: 1199px) 100vw, 1199px\" \/><p id=\"caption-attachment-8349\" class=\"wp-caption-text\">10 novembre 2022, cet ancien vestige du ch\u00e2teau de la Ferrandi\u00e8re (ici en f\u00e9vrier 2015) est remplac\u00e9 par un immeuble \u00ab\u00a0La R\u00e9sidence Richelieu\u00a0\u00bb de 17 logements sociaux, et un centre d&rsquo;h\u00e9bergement d&rsquo;urgence pour 70 personnes.<\/p><\/div>\n<div id=\"attachment_8347\" style=\"width: 810px\" class=\"wp-caption alignleft\"><img loading=\"lazy\" decoding=\"async\" aria-describedby=\"caption-attachment-8347\" class=\"size-full wp-image-8347\" src=\"http:\/\/pleinformat.free.fr\/wp-content\/uploads\/2022\/08\/DSD_0429_Web.jpg\" alt=\"Villeurbanne oubli\u00e9e - Eglise de la Ferrandi\u00e8re - C\u0153ur immacul\u00e9 de Marie\" width=\"800\" height=\"1199\" srcset=\"https:\/\/pleinformat.pages-perso.free.fr\/wp-content\/uploads\/2022\/08\/DSD_0429_Web.jpg 800w, https:\/\/pleinformat.pages-perso.free.fr\/wp-content\/uploads\/2022\/08\/DSD_0429_Web-200x300.jpg 200w, https:\/\/pleinformat.pages-perso.free.fr\/wp-content\/uploads\/2022\/08\/DSD_0429_Web-768x1151.jpg 768w\" sizes=\"auto, (max-width: 800px) 100vw, 800px\" \/><p id=\"caption-attachment-8347\" class=\"wp-caption-text\">10 novembre 2022: la porte principale et son fronton, ainsi que le mur d&rsquo;enceinte et la porte lat\u00e9rale sud (ici en avril 2013) , sont conserv\u00e9s dans la nouvelle construction inaugur\u00e9e le 6 f\u00e9vrier 2018.<\/p><\/div>\n","protected":false},"excerpt":{"rendered":"<p>Notre environnement urbain \u00e9volue sans cesse. Sous l&rsquo;effet de la pression urbanistique les quartiers se transforment au rythme des d\u00e9molitions, modifications, requalifications, constructions. En conservant une trace num\u00e9rique de l\u2019histoire des lieux, cette rubrique veut \u00eatre un t\u00e9moignage du pass\u00e9 <a class=\"more-link\" href=\"https:\/\/pleinformat.pages-perso.free.fr\/index.php\/villeurbanne-oubliee-7\/\">Lire plus &#8230;<\/a><\/p>\n","protected":false},"author":1,"featured_media":0,"comment_status":"closed","ping_status":"closed","sticky":false,"template":"","format":"standard","meta":{"footnotes":""},"categories":[5],"tags":[],"class_list":["post-8350","post","type-post","status-publish","format-standard","hentry","category-52-a-la-une"],"_links":{"self":[{"href":"https:\/\/pleinformat.pages-perso.free.fr\/index.php\/wp-json\/wp\/v2\/posts\/8350","targetHints":{"allow":["GET"]}}],"collection":[{"href":"https:\/\/pleinformat.pages-perso.free.fr\/index.php\/wp-json\/wp\/v2\/posts"}],"about":[{"href":"https:\/\/pleinformat.pages-perso.free.fr\/index.php\/wp-json\/wp\/v2\/types\/post"}],"author":[{"embeddable":true,"href":"https:\/\/pleinformat.pages-perso.free.fr\/index.php\/wp-json\/wp\/v2\/users\/1"}],"replies":[{"embeddable":true,"href":"https:\/\/pleinformat.pages-perso.free.fr\/index.php\/wp-json\/wp\/v2\/comments?post=8350"}],"version-history":[{"count":0,"href":"https:\/\/pleinformat.pages-perso.free.fr\/index.php\/wp-json\/wp\/v2\/posts\/8350\/revisions"}],"wp:attachment":[{"href":"https:\/\/pleinformat.pages-perso.free.fr\/index.php\/wp-json\/wp\/v2\/media?parent=8350"}],"wp:term":[{"taxonomy":"category","embeddable":true,"href":"https:\/\/pleinformat.pages-perso.free.fr\/index.php\/wp-json\/wp\/v2\/categories?post=8350"},{"taxonomy":"post_tag","embeddable":true,"href":"https:\/\/pleinformat.pages-perso.free.fr\/index.php\/wp-json\/wp\/v2\/tags?post=8350"}],"curies":[{"name":"wp","href":"https:\/\/api.w.org\/{rel}","templated":true}]}}