{"id":8605,"date":"2023-01-06T10:00:00","date_gmt":"2023-01-06T09:00:00","guid":{"rendered":"http:\/\/pleinformat.free.fr\/?p=8605"},"modified":"2026-05-19T21:17:04","modified_gmt":"2026-05-19T19:17:04","slug":"villeurbanne-oubliee-8","status":"publish","type":"post","link":"https:\/\/pleinformat.pages-perso.free.fr\/index.php\/villeurbanne-oubliee-8\/","title":{"rendered":"Villeurbanne oubli\u00e9e"},"content":{"rendered":"<div class=\"mceTemp\"><\/div>\n<p>Notre environnement urbain \u00e9volue sans cesse. Sous l&rsquo;effet de la pression urbanistique les quartiers se transforment au rythme des d\u00e9molitions, modifications, requalifications, constructions. En conservant une trace num\u00e9rique de l\u2019histoire des lieux, cette rubrique veut \u00eatre un t\u00e9moignage du pass\u00e9 architectural de Villeurbanne (Rh\u00f4ne), pass\u00e9 oubli\u00e9 et pourtant si proche. Les images publi\u00e9es sous cette rubrique sont archiv\u00e9es dans la galerie <a href=\"https:\/\/pleinformat.pages-perso.free.fr\/index.php\/galeries\/villeurbanne-oubliee\/\">\u00ab\u00a0Villeurbanne oubli\u00e9e\u00a0\u00bb<\/a>.<\/p>\n<div style=\"width: 1432px\" class=\"wp-caption alignnone\"><img loading=\"lazy\" decoding=\"async\" src=\"https:\/\/pleinformat.pages-perso.free.fr\/wp-content\/uploads\/2022\/11\/DTB_5761_Web.jpg\" alt=\"\" width=\"1422\" height=\"800\" \/><p class=\"wp-caption-text\">6 janvier 2023, 2-4 rue des Bienvenus (Angle 62 rue de la Filature) en mai 2020, deux immeubles avant d\u00e9molition. La r\u00e9sidence Mosaik de 5 \u00e9tages, comportant 28 appartements, les remplace \u00e0 l&rsquo;\u00e9t\u00e9 2022.<\/p><\/div>\n","protected":false},"excerpt":{"rendered":"<p>Notre environnement urbain \u00e9volue sans cesse. Sous l&rsquo;effet de la pression urbanistique les quartiers se transforment au rythme des d\u00e9molitions, modifications, requalifications, constructions. En conservant une trace num\u00e9rique de l\u2019histoire des lieux, cette rubrique veut \u00eatre un t\u00e9moignage du pass\u00e9 <a class=\"more-link\" href=\"https:\/\/pleinformat.pages-perso.free.fr\/index.php\/villeurbanne-oubliee-8\/\">Lire plus &#8230;<\/a><\/p>\n","protected":false},"author":1,"featured_media":0,"comment_status":"closed","ping_status":"closed","sticky":false,"template":"","format":"standard","meta":{"footnotes":""},"categories":[5],"tags":[],"class_list":["post-8605","post","type-post","status-publish","format-standard","hentry","category-52-a-la-une"],"_links":{"self":[{"href":"https:\/\/pleinformat.pages-perso.free.fr\/index.php\/wp-json\/wp\/v2\/posts\/8605","targetHints":{"allow":["GET"]}}],"collection":[{"href":"https:\/\/pleinformat.pages-perso.free.fr\/index.php\/wp-json\/wp\/v2\/posts"}],"about":[{"href":"https:\/\/pleinformat.pages-perso.free.fr\/index.php\/wp-json\/wp\/v2\/types\/post"}],"author":[{"embeddable":true,"href":"https:\/\/pleinformat.pages-perso.free.fr\/index.php\/wp-json\/wp\/v2\/users\/1"}],"replies":[{"embeddable":true,"href":"https:\/\/pleinformat.pages-perso.free.fr\/index.php\/wp-json\/wp\/v2\/comments?post=8605"}],"version-history":[{"count":0,"href":"https:\/\/pleinformat.pages-perso.free.fr\/index.php\/wp-json\/wp\/v2\/posts\/8605\/revisions"}],"wp:attachment":[{"href":"https:\/\/pleinformat.pages-perso.free.fr\/index.php\/wp-json\/wp\/v2\/media?parent=8605"}],"wp:term":[{"taxonomy":"category","embeddable":true,"href":"https:\/\/pleinformat.pages-perso.free.fr\/index.php\/wp-json\/wp\/v2\/categories?post=8605"},{"taxonomy":"post_tag","embeddable":true,"href":"https:\/\/pleinformat.pages-perso.free.fr\/index.php\/wp-json\/wp\/v2\/tags?post=8605"}],"curies":[{"name":"wp","href":"https:\/\/api.w.org\/{rel}","templated":true}]}}