{"id":9093,"date":"2023-04-11T10:00:00","date_gmt":"2023-04-11T08:00:00","guid":{"rendered":"http:\/\/pleinformat.free.fr\/?p=9093"},"modified":"2026-05-06T09:48:33","modified_gmt":"2026-05-06T07:48:33","slug":"villeurbanne-oubliee-15","status":"publish","type":"post","link":"https:\/\/pleinformat.pages-perso.free.fr\/index.php\/villeurbanne-oubliee-15\/","title":{"rendered":"Villeurbanne oubli\u00e9e"},"content":{"rendered":"\n<p class=\"wp-block-paragraph\">Notre environnement urbain \u00e9volue sans cesse. Sous l\u2019effet de la pression urbanistique les quartiers se transforment au rythme des d\u00e9molitions, modifications, requalifications, constructions. En conservant une trace num\u00e9rique de l\u2019histoire des lieux, cette rubrique veut \u00eatre un t\u00e9moignage du pass\u00e9 architectural de Villeurbanne (Rh\u00f4ne), pass\u00e9 oubli\u00e9 et pourtant si proche. Les images publi\u00e9es sous cette rubrique sont archiv\u00e9es dans la galerie\u00a0<a href=\"https:\/\/pleinformat.pages-perso.free.fr\/index.php\/galeries\/villeurbanne-oubliee\/\">\u00ab\u00a0Villeurbanne oubli\u00e9e\u00a0\u00bb<\/a>.<\/p>\n\n\n<div id=\"attachment_9155\" style=\"width: 1210px\" class=\"wp-caption alignleft\"><img loading=\"lazy\" decoding=\"async\" aria-describedby=\"caption-attachment-9155\" class=\"wp-image-9155 size-full\" src=\"http:\/\/pleinformat.free.fr\/wp-content\/uploads\/2023\/01\/DSE_1165_Web-1.jpg\" alt=\"Villeurbanne oubli\u00e9e - Rue Galline - Obsession - Etablissements Gilmo\" width=\"1200\" height=\"800\" srcset=\"https:\/\/pleinformat.pages-perso.free.fr\/wp-content\/uploads\/2023\/01\/DSE_1165_Web-1.jpg 1200w, https:\/\/pleinformat.pages-perso.free.fr\/wp-content\/uploads\/2023\/01\/DSE_1165_Web-1-300x200.jpg 300w, https:\/\/pleinformat.pages-perso.free.fr\/wp-content\/uploads\/2023\/01\/DSE_1165_Web-1-768x512.jpg 768w\" sizes=\"auto, (max-width: 1200px) 100vw, 1200px\" \/><p id=\"caption-attachment-9155\" class=\"wp-caption-text\">11 avril 2023: ancienne usine de lingerie, corsetterie et maillot de bain Obsession &#8211; Etablissements Gilmo en f\u00e9vrier 2014. Fond\u00e9e en 1948, elle \u00e9tait situ\u00e9e au 76 avenue Galline. Elle fermera en 1975. Le personnel occupera l&rsquo;usine pendant 31 mois pour demander la reprise de l&rsquo;activit\u00e9 et le maintien des emplois. A gauche en arri\u00e8re-plan, les immeubles de la rue Bonnet&#8230;&#8230;<\/p><\/div>\n<div id=\"attachment_9156\" style=\"width: 1209px\" class=\"wp-caption alignleft\"><img loading=\"lazy\" decoding=\"async\" aria-describedby=\"caption-attachment-9156\" class=\"wp-image-9156 size-full\" src=\"http:\/\/pleinformat.free.fr\/wp-content\/uploads\/2023\/01\/DSE_1171_Web-1.jpg\" alt=\"Villeurbanne oubli\u00e9e - Rue Galline - Obsession - Etablissements Gilmo\" width=\"1199\" height=\"800\" srcset=\"https:\/\/pleinformat.pages-perso.free.fr\/wp-content\/uploads\/2023\/01\/DSE_1171_Web-1.jpg 1199w, https:\/\/pleinformat.pages-perso.free.fr\/wp-content\/uploads\/2023\/01\/DSE_1171_Web-1-300x200.jpg 300w, https:\/\/pleinformat.pages-perso.free.fr\/wp-content\/uploads\/2023\/01\/DSE_1171_Web-1-768x512.jpg 768w\" sizes=\"auto, (max-width: 1199px) 100vw, 1199px\" \/><p id=\"caption-attachment-9156\" class=\"wp-caption-text\">11 avril 2023: &#8230;&#8230; l&rsquo;usine sera d\u00e9molie en 2014 pour faire place \u00e0 un programme de construction de logements, bureaux et terrains de sport. L&rsquo;immeuble de gauche \u00e9tait situ\u00e9 \u00e0 hauteur du 70 avenue Galline, celui de droite au toit effondr\u00e9 avec la chemin\u00e9e au 76. En arri\u00e8re-plan, les immeubles de l&rsquo;avenue Galline et de la rue Bonnet &#8230;&#8230;&#8230;<\/p><\/div>\n<div id=\"attachment_9157\" style=\"width: 1209px\" class=\"wp-caption alignleft\"><img loading=\"lazy\" decoding=\"async\" aria-describedby=\"caption-attachment-9157\" class=\"wp-image-9157 size-full\" src=\"http:\/\/pleinformat.free.fr\/wp-content\/uploads\/2023\/01\/DSE_5932_Web-1.jpg\" alt=\"Villeurbanne oubli\u00e9e - Rue Galline - Obsession - Etablissements Gilmo\" width=\"1199\" height=\"800\" srcset=\"https:\/\/pleinformat.pages-perso.free.fr\/wp-content\/uploads\/2023\/01\/DSE_5932_Web-1.jpg 1199w, https:\/\/pleinformat.pages-perso.free.fr\/wp-content\/uploads\/2023\/01\/DSE_5932_Web-1-300x200.jpg 300w, https:\/\/pleinformat.pages-perso.free.fr\/wp-content\/uploads\/2023\/01\/DSE_5932_Web-1-768x512.jpg 768w\" sizes=\"auto, (max-width: 1199px) 100vw, 1199px\" \/><p id=\"caption-attachment-9157\" class=\"wp-caption-text\">11 avril 2023: &#8230;&#8230;. un des locaux du 70 avenue Galline en f\u00e9vrier 2014.<\/p><\/div>\n\n\n<p class=\"wp-block-paragraph\"><\/p>\n","protected":false},"excerpt":{"rendered":"<p>Notre environnement urbain \u00e9volue sans cesse. Sous l\u2019effet de la pression urbanistique les quartiers se transforment au rythme des d\u00e9molitions, modifications, requalifications, constructions. En conservant une trace num\u00e9rique de l\u2019histoire des lieux, cette rubrique veut \u00eatre un t\u00e9moignage du pass\u00e9 <a class=\"more-link\" href=\"https:\/\/pleinformat.pages-perso.free.fr\/index.php\/villeurbanne-oubliee-15\/\">Lire plus &#8230;<\/a><\/p>\n","protected":false},"author":1,"featured_media":0,"comment_status":"closed","ping_status":"closed","sticky":false,"template":"","format":"standard","meta":{"footnotes":""},"categories":[5],"tags":[],"class_list":["post-9093","post","type-post","status-publish","format-standard","hentry","category-52-a-la-une"],"_links":{"self":[{"href":"https:\/\/pleinformat.pages-perso.free.fr\/index.php\/wp-json\/wp\/v2\/posts\/9093","targetHints":{"allow":["GET"]}}],"collection":[{"href":"https:\/\/pleinformat.pages-perso.free.fr\/index.php\/wp-json\/wp\/v2\/posts"}],"about":[{"href":"https:\/\/pleinformat.pages-perso.free.fr\/index.php\/wp-json\/wp\/v2\/types\/post"}],"author":[{"embeddable":true,"href":"https:\/\/pleinformat.pages-perso.free.fr\/index.php\/wp-json\/wp\/v2\/users\/1"}],"replies":[{"embeddable":true,"href":"https:\/\/pleinformat.pages-perso.free.fr\/index.php\/wp-json\/wp\/v2\/comments?post=9093"}],"version-history":[{"count":0,"href":"https:\/\/pleinformat.pages-perso.free.fr\/index.php\/wp-json\/wp\/v2\/posts\/9093\/revisions"}],"wp:attachment":[{"href":"https:\/\/pleinformat.pages-perso.free.fr\/index.php\/wp-json\/wp\/v2\/media?parent=9093"}],"wp:term":[{"taxonomy":"category","embeddable":true,"href":"https:\/\/pleinformat.pages-perso.free.fr\/index.php\/wp-json\/wp\/v2\/categories?post=9093"},{"taxonomy":"post_tag","embeddable":true,"href":"https:\/\/pleinformat.pages-perso.free.fr\/index.php\/wp-json\/wp\/v2\/tags?post=9093"}],"curies":[{"name":"wp","href":"https:\/\/api.w.org\/{rel}","templated":true}]}}