{"id":9232,"date":"2023-03-02T10:00:00","date_gmt":"2023-03-02T09:00:00","guid":{"rendered":"http:\/\/pleinformat.free.fr\/?p=9232"},"modified":"2023-02-26T13:30:48","modified_gmt":"2023-02-26T12:30:48","slug":"grand-parc-miribel-jonage-235","status":"publish","type":"post","link":"https:\/\/pleinformat.pages-perso.free.fr\/index.php\/grand-parc-miribel-jonage-235\/","title":{"rendered":"Grand Parc Miribel-Jonage"},"content":{"rendered":"<div id=\"attachment_9224\" style=\"width: 1210px\" class=\"wp-caption alignleft\"><img loading=\"lazy\" decoding=\"async\" aria-describedby=\"caption-attachment-9224\" class=\"size-full wp-image-9224\" src=\"http:\/\/pleinformat.free.fr\/wp-content\/uploads\/2023\/02\/DTE_6490_Web.jpg\" alt=\"Grand Parc Miribel-Jonage - Canard colvert m\u00e2le\" width=\"1200\" height=\"800\" srcset=\"https:\/\/pleinformat.pages-perso.free.fr\/wp-content\/uploads\/2023\/02\/DTE_6490_Web.jpg 1200w, https:\/\/pleinformat.pages-perso.free.fr\/wp-content\/uploads\/2023\/02\/DTE_6490_Web-300x200.jpg 300w, https:\/\/pleinformat.pages-perso.free.fr\/wp-content\/uploads\/2023\/02\/DTE_6490_Web-768x512.jpg 768w\" sizes=\"auto, (max-width: 1200px) 100vw, 1200px\" \/><p id=\"caption-attachment-9224\" class=\"wp-caption-text\">2 mars 2023, canard colvert m\u00e2le avec la t\u00eate d&rsquo;un vert m\u00e9tallique intense&#8230;&#8230;..<\/p><\/div>\n<div id=\"attachment_9226\" style=\"width: 1194px\" class=\"wp-caption alignleft\"><img loading=\"lazy\" decoding=\"async\" aria-describedby=\"caption-attachment-9226\" class=\"size-full wp-image-9226\" src=\"http:\/\/pleinformat.free.fr\/wp-content\/uploads\/2023\/02\/DTE_6551_Web.jpg\" alt=\"Grand Parc Miribel-Jonage - Canard colvert femelle\" width=\"1184\" height=\"800\" srcset=\"https:\/\/pleinformat.pages-perso.free.fr\/wp-content\/uploads\/2023\/02\/DTE_6551_Web.jpg 1184w, https:\/\/pleinformat.pages-perso.free.fr\/wp-content\/uploads\/2023\/02\/DTE_6551_Web-300x203.jpg 300w, https:\/\/pleinformat.pages-perso.free.fr\/wp-content\/uploads\/2023\/02\/DTE_6551_Web-768x519.jpg 768w\" sizes=\"auto, (max-width: 1184px) 100vw, 1184px\" \/><p id=\"caption-attachment-9226\" class=\"wp-caption-text\">2 mars 2023, &#8230;&#8230;&#8230;. suivi de la femelle.<\/p><\/div>\n","protected":false},"excerpt":{"rendered":"","protected":false},"author":1,"featured_media":0,"comment_status":"closed","ping_status":"closed","sticky":false,"template":"","format":"standard","meta":{"footnotes":""},"categories":[5],"tags":[],"class_list":["post-9232","post","type-post","status-publish","format-standard","hentry","category-52-a-la-une"],"_links":{"self":[{"href":"https:\/\/pleinformat.pages-perso.free.fr\/index.php\/wp-json\/wp\/v2\/posts\/9232","targetHints":{"allow":["GET"]}}],"collection":[{"href":"https:\/\/pleinformat.pages-perso.free.fr\/index.php\/wp-json\/wp\/v2\/posts"}],"about":[{"href":"https:\/\/pleinformat.pages-perso.free.fr\/index.php\/wp-json\/wp\/v2\/types\/post"}],"author":[{"embeddable":true,"href":"https:\/\/pleinformat.pages-perso.free.fr\/index.php\/wp-json\/wp\/v2\/users\/1"}],"replies":[{"embeddable":true,"href":"https:\/\/pleinformat.pages-perso.free.fr\/index.php\/wp-json\/wp\/v2\/comments?post=9232"}],"version-history":[{"count":0,"href":"https:\/\/pleinformat.pages-perso.free.fr\/index.php\/wp-json\/wp\/v2\/posts\/9232\/revisions"}],"wp:attachment":[{"href":"https:\/\/pleinformat.pages-perso.free.fr\/index.php\/wp-json\/wp\/v2\/media?parent=9232"}],"wp:term":[{"taxonomy":"category","embeddable":true,"href":"https:\/\/pleinformat.pages-perso.free.fr\/index.php\/wp-json\/wp\/v2\/categories?post=9232"},{"taxonomy":"post_tag","embeddable":true,"href":"https:\/\/pleinformat.pages-perso.free.fr\/index.php\/wp-json\/wp\/v2\/tags?post=9232"}],"curies":[{"name":"wp","href":"https:\/\/api.w.org\/{rel}","templated":true}]}}