{"id":9554,"date":"2023-08-05T10:00:00","date_gmt":"2023-08-05T08:00:00","guid":{"rendered":"http:\/\/pleinformat.free.fr\/?p=9554"},"modified":"2026-05-06T09:44:50","modified_gmt":"2026-05-06T07:44:50","slug":"villeurbanne-oubliee-22","status":"publish","type":"post","link":"https:\/\/pleinformat.pages-perso.free.fr\/index.php\/villeurbanne-oubliee-22\/","title":{"rendered":"Villeurbanne oubli\u00e9e"},"content":{"rendered":"\n<p class=\"wp-block-paragraph\">Notre environnement urbain \u00e9volue sans cesse. Sous l\u2019effet de la pression urbanistique les quartiers se transforment au rythme des d\u00e9molitions, modifications, requalifications, constructions. En conservant une trace num\u00e9rique de l\u2019histoire des lieux, cette rubrique veut \u00eatre un t\u00e9moignage du pass\u00e9 architectural de Villeurbanne (Rh\u00f4ne), pass\u00e9 oubli\u00e9 et pourtant si proche. Les images publi\u00e9es sous cette rubrique sont archiv\u00e9es dans la galerie\u00a0<a href=\"https:\/\/pleinformat.pages-perso.free.fr\/index.php\/galeries\/villeurbanne-oubliee\/\">\u00ab\u00a0Villeurbanne oubli\u00e9e\u00a0\u00bb<\/a>.<\/p>\n\n\n<div id=\"attachment_9552\" style=\"width: 1010px\" class=\"wp-caption alignleft\"><img loading=\"lazy\" decoding=\"async\" aria-describedby=\"caption-attachment-9552\" class=\"size-full wp-image-9552\" src=\"http:\/\/pleinformat.free.fr\/wp-content\/uploads\/2023\/07\/DSM_3038_Web.jpg\" alt=\"Villeurbanne oubli\u00e9e - Grand Camp - Armand Zipfel\" width=\"1000\" height=\"1000\" srcset=\"https:\/\/pleinformat.pages-perso.free.fr\/wp-content\/uploads\/2023\/07\/DSM_3038_Web.jpg 1000w, https:\/\/pleinformat.pages-perso.free.fr\/wp-content\/uploads\/2023\/07\/DSM_3038_Web-300x300.jpg 300w, https:\/\/pleinformat.pages-perso.free.fr\/wp-content\/uploads\/2023\/07\/DSM_3038_Web-150x150.jpg 150w, https:\/\/pleinformat.pages-perso.free.fr\/wp-content\/uploads\/2023\/07\/DSM_3038_Web-768x768.jpg 768w\" sizes=\"auto, (max-width: 1000px) 100vw, 1000px\" \/><p id=\"caption-attachment-9552\" class=\"wp-caption-text\">5 juillet 2023, plaque comm\u00e9morative sur le Campus Scientifique de la Doua &#8211; Universit\u00e9 Lyon 1: le 9 d\u00e9cembre 1908, Armand ZIPFEL parvient \u00e0 faire voler un a\u00e9roplane sur 800 m\u00e8tres au-dessus des pelouses de Grand Camp. Villeurbanne part \u00e0 la conqu\u00eate de l&rsquo;air. Pendant la seconde guerre mondiale, une importante activit\u00e9 a\u00e9ronautique se d\u00e9veloppe cours Emile Zola, rues L\u00e9on Blum, Racine, Poizat, et quartier Croix-Luizet. L&rsquo;esprit des pionniers souffle encore aujourd&rsquo;hui avec la firme Messier-Bugatti-Dowty dans le quartier Bel-Air. Cette plaque encore visible en janvier 2018, a \u00e9t\u00e9 cach\u00e9e ou d\u00e9pos\u00e9e avec les travaux de r\u00e9habilitation des b\u00e2timents du campus.<\/p><\/div>","protected":false},"excerpt":{"rendered":"<p>Notre environnement urbain \u00e9volue sans cesse. Sous l\u2019effet de la pression urbanistique les quartiers se transforment au rythme des d\u00e9molitions, modifications, requalifications, constructions. En conservant une trace num\u00e9rique de l\u2019histoire des lieux, cette rubrique veut \u00eatre un t\u00e9moignage du pass\u00e9 <a class=\"more-link\" href=\"https:\/\/pleinformat.pages-perso.free.fr\/index.php\/villeurbanne-oubliee-22\/\">Lire plus &#8230;<\/a><\/p>\n","protected":false},"author":1,"featured_media":0,"comment_status":"closed","ping_status":"closed","sticky":false,"template":"","format":"standard","meta":{"footnotes":""},"categories":[5],"tags":[],"class_list":["post-9554","post","type-post","status-publish","format-standard","hentry","category-52-a-la-une"],"_links":{"self":[{"href":"https:\/\/pleinformat.pages-perso.free.fr\/index.php\/wp-json\/wp\/v2\/posts\/9554","targetHints":{"allow":["GET"]}}],"collection":[{"href":"https:\/\/pleinformat.pages-perso.free.fr\/index.php\/wp-json\/wp\/v2\/posts"}],"about":[{"href":"https:\/\/pleinformat.pages-perso.free.fr\/index.php\/wp-json\/wp\/v2\/types\/post"}],"author":[{"embeddable":true,"href":"https:\/\/pleinformat.pages-perso.free.fr\/index.php\/wp-json\/wp\/v2\/users\/1"}],"replies":[{"embeddable":true,"href":"https:\/\/pleinformat.pages-perso.free.fr\/index.php\/wp-json\/wp\/v2\/comments?post=9554"}],"version-history":[{"count":0,"href":"https:\/\/pleinformat.pages-perso.free.fr\/index.php\/wp-json\/wp\/v2\/posts\/9554\/revisions"}],"wp:attachment":[{"href":"https:\/\/pleinformat.pages-perso.free.fr\/index.php\/wp-json\/wp\/v2\/media?parent=9554"}],"wp:term":[{"taxonomy":"category","embeddable":true,"href":"https:\/\/pleinformat.pages-perso.free.fr\/index.php\/wp-json\/wp\/v2\/categories?post=9554"},{"taxonomy":"post_tag","embeddable":true,"href":"https:\/\/pleinformat.pages-perso.free.fr\/index.php\/wp-json\/wp\/v2\/tags?post=9554"}],"curies":[{"name":"wp","href":"https:\/\/api.w.org\/{rel}","templated":true}]}}