{"id":9617,"date":"2023-09-14T10:00:00","date_gmt":"2023-09-14T08:00:00","guid":{"rendered":"http:\/\/pleinformat.free.fr\/?p=9617"},"modified":"2026-05-06T09:44:02","modified_gmt":"2026-05-06T07:44:02","slug":"villeurbanne-oubliee-23","status":"publish","type":"post","link":"https:\/\/pleinformat.pages-perso.free.fr\/index.php\/villeurbanne-oubliee-23\/","title":{"rendered":"Villeurbanne oubli\u00e9e"},"content":{"rendered":"\n<p class=\"wp-block-paragraph\">Notre environnement urbain \u00e9volue sans cesse. Sous l\u2019effet de la pression urbanistique les quartiers se transforment au rythme des d\u00e9molitions, modifications, requalifications, constructions. En conservant une trace num\u00e9rique de l\u2019histoire des lieux, cette rubrique veut \u00eatre un t\u00e9moignage du pass\u00e9 architectural de Villeurbanne (Rh\u00f4ne), pass\u00e9 oubli\u00e9 et pourtant si proche. Les images publi\u00e9es sous cette rubrique sont archiv\u00e9es dans la galerie\u00a0<a href=\"https:\/\/pleinformat.pages-perso.free.fr\/index.php\/galeries\/villeurbanne-oubliee\/\">\u00ab\u00a0Villeurbanne oubli\u00e9e\u00a0\u00bb<\/a>.<\/p>\n\n\n<div id=\"attachment_9616\" style=\"width: 1010px\" class=\"wp-caption alignleft\"><img loading=\"lazy\" decoding=\"async\" aria-describedby=\"caption-attachment-9616\" class=\"size-full wp-image-9616\" src=\"http:\/\/pleinformat.free.fr\/wp-content\/uploads\/2023\/08\/DTB_6747_Web.jpg\" alt=\"Villeurbanne oubli\u00e9e - Rue Ollier\" width=\"1000\" height=\"667\" srcset=\"https:\/\/pleinformat.pages-perso.free.fr\/wp-content\/uploads\/2023\/08\/DTB_6747_Web.jpg 1000w, https:\/\/pleinformat.pages-perso.free.fr\/wp-content\/uploads\/2023\/08\/DTB_6747_Web-300x200.jpg 300w, https:\/\/pleinformat.pages-perso.free.fr\/wp-content\/uploads\/2023\/08\/DTB_6747_Web-768x512.jpg 768w\" sizes=\"auto, (max-width: 1000px) 100vw, 1000px\" \/><p id=\"caption-attachment-9616\" class=\"wp-caption-text\">14 septembre 2023: 35 rue docteur Ollier en juin 2020. Cette villa ancienne (et son jardin) est remplac\u00e9e par \u00ab\u00a0Villa Ollier\u00a0\u00bb immeuble de 4 \u00e9tages livr\u00e9 \u00e0 l&rsquo;\u00e9t\u00e9 2023. A l&rsquo;arri\u00e8re les immeubles de la rue Paul Lafargue.<\/p><\/div>\n<div id=\"attachment_9615\" style=\"width: 1010px\" class=\"wp-caption alignleft\"><img loading=\"lazy\" decoding=\"async\" aria-describedby=\"caption-attachment-9615\" class=\"size-full wp-image-9615\" src=\"http:\/\/pleinformat.free.fr\/wp-content\/uploads\/2023\/08\/DTB_6746_Web.jpg\" alt=\"Villeurbanne oubli\u00e9e - Rue Ollier\" width=\"1000\" height=\"667\" srcset=\"https:\/\/pleinformat.pages-perso.free.fr\/wp-content\/uploads\/2023\/08\/DTB_6746_Web.jpg 1000w, https:\/\/pleinformat.pages-perso.free.fr\/wp-content\/uploads\/2023\/08\/DTB_6746_Web-300x200.jpg 300w, https:\/\/pleinformat.pages-perso.free.fr\/wp-content\/uploads\/2023\/08\/DTB_6746_Web-768x512.jpg 768w\" sizes=\"auto, (max-width: 1000px) 100vw, 1000px\" \/><p id=\"caption-attachment-9615\" class=\"wp-caption-text\">14 septembre 2023: 35 rue docteur Ollier en Juin 2020. Cette villa ancienne est remplac\u00e9e par \u00ab\u00a0Villa Ollier\u00a0\u00bb immeuble de 4 \u00e9tages livr\u00e9 \u00e0 l&rsquo;\u00e9t\u00e9 2023.<\/p><\/div>","protected":false},"excerpt":{"rendered":"<p>Notre environnement urbain \u00e9volue sans cesse. Sous l\u2019effet de la pression urbanistique les quartiers se transforment au rythme des d\u00e9molitions, modifications, requalifications, constructions. En conservant une trace num\u00e9rique de l\u2019histoire des lieux, cette rubrique veut \u00eatre un t\u00e9moignage du pass\u00e9 <a class=\"more-link\" href=\"https:\/\/pleinformat.pages-perso.free.fr\/index.php\/villeurbanne-oubliee-23\/\">Lire plus &#8230;<\/a><\/p>\n","protected":false},"author":1,"featured_media":0,"comment_status":"closed","ping_status":"closed","sticky":false,"template":"","format":"standard","meta":{"footnotes":""},"categories":[5],"tags":[],"class_list":["post-9617","post","type-post","status-publish","format-standard","hentry","category-52-a-la-une"],"_links":{"self":[{"href":"https:\/\/pleinformat.pages-perso.free.fr\/index.php\/wp-json\/wp\/v2\/posts\/9617","targetHints":{"allow":["GET"]}}],"collection":[{"href":"https:\/\/pleinformat.pages-perso.free.fr\/index.php\/wp-json\/wp\/v2\/posts"}],"about":[{"href":"https:\/\/pleinformat.pages-perso.free.fr\/index.php\/wp-json\/wp\/v2\/types\/post"}],"author":[{"embeddable":true,"href":"https:\/\/pleinformat.pages-perso.free.fr\/index.php\/wp-json\/wp\/v2\/users\/1"}],"replies":[{"embeddable":true,"href":"https:\/\/pleinformat.pages-perso.free.fr\/index.php\/wp-json\/wp\/v2\/comments?post=9617"}],"version-history":[{"count":0,"href":"https:\/\/pleinformat.pages-perso.free.fr\/index.php\/wp-json\/wp\/v2\/posts\/9617\/revisions"}],"wp:attachment":[{"href":"https:\/\/pleinformat.pages-perso.free.fr\/index.php\/wp-json\/wp\/v2\/media?parent=9617"}],"wp:term":[{"taxonomy":"category","embeddable":true,"href":"https:\/\/pleinformat.pages-perso.free.fr\/index.php\/wp-json\/wp\/v2\/categories?post=9617"},{"taxonomy":"post_tag","embeddable":true,"href":"https:\/\/pleinformat.pages-perso.free.fr\/index.php\/wp-json\/wp\/v2\/tags?post=9617"}],"curies":[{"name":"wp","href":"https:\/\/api.w.org\/{rel}","templated":true}]}}