{"id":9686,"date":"2023-11-05T10:00:00","date_gmt":"2023-11-05T09:00:00","guid":{"rendered":"http:\/\/pleinformat.free.fr\/?p=9686"},"modified":"2026-05-06T09:42:43","modified_gmt":"2026-05-06T07:42:43","slug":"villeurbanne-oubliee-25","status":"publish","type":"post","link":"https:\/\/pleinformat.pages-perso.free.fr\/index.php\/villeurbanne-oubliee-25\/","title":{"rendered":"Villeurbanne oubli\u00e9e"},"content":{"rendered":"\n<p class=\"wp-block-paragraph\">Notre environnement urbain \u00e9volue sans cesse. Sous l\u2019effet de la pression urbanistique les quartiers se transforment au rythme des d\u00e9molitions, modifications, requalifications, constructions. En conservant une trace num\u00e9rique de l\u2019histoire des lieux, cette rubrique veut \u00eatre un t\u00e9moignage du pass\u00e9 architectural de Villeurbanne (Rh\u00f4ne), pass\u00e9 oubli\u00e9 et pourtant si proche. Les images publi\u00e9es sous cette rubrique sont archiv\u00e9es dans la galerie\u00a0<a href=\"https:\/\/pleinformat.pages-perso.free.fr\/index.php\/galeries\/villeurbanne-oubliee\/\">\u00ab\u00a0Villeurbanne oubli\u00e9e\u00a0\u00bb<\/a>.<\/p>\n\n\n<div id=\"attachment_9685\" style=\"width: 1010px\" class=\"wp-caption alignleft\"><img loading=\"lazy\" decoding=\"async\" aria-describedby=\"caption-attachment-9685\" class=\"size-full wp-image-9685\" src=\"http:\/\/pleinformat.free.fr\/wp-content\/uploads\/2023\/10\/DSF_9134_Web.jpg\" alt=\"Villeurbanne oubli\u00e9e - Garage Renault &quot;Auto Petrequin&quot; - rue des Antonins - Rue Georges Courteline\" width=\"1000\" height=\"562\" srcset=\"https:\/\/pleinformat.pages-perso.free.fr\/wp-content\/uploads\/2023\/10\/DSF_9134_Web.jpg 1000w, https:\/\/pleinformat.pages-perso.free.fr\/wp-content\/uploads\/2023\/10\/DSF_9134_Web-300x169.jpg 300w, https:\/\/pleinformat.pages-perso.free.fr\/wp-content\/uploads\/2023\/10\/DSF_9134_Web-768x432.jpg 768w, https:\/\/pleinformat.pages-perso.free.fr\/wp-content\/uploads\/2023\/10\/DSF_9134_Web-400x225.jpg 400w, https:\/\/pleinformat.pages-perso.free.fr\/wp-content\/uploads\/2023\/10\/DSF_9134_Web-860x484.jpg 860w\" sizes=\"auto, (max-width: 1000px) 100vw, 1000px\" \/><p id=\"caption-attachment-9685\" class=\"wp-caption-text\">5 novembre 2023: angle 42 rue des Antonins &#8211; 41 rue Georges Courteline en octobre 2014. Garage RENAULT \u00ab\u00a0Auto Petrequin\u00a0\u00bb. Aujourd&rsquo;hui le nouveau campus de l&rsquo;AFIP a d\u00e9m\u00e9nag\u00e9 de Grandcl\u00e9ment pour ouvrir ici dans l&rsquo;immeuble \u00ab\u00a0Le Courteline\u00a0\u00bb 4 \u00e9tages \u00e0 la rentr\u00e9e scolaire de septembre 2023.<\/p><\/div>\n<div id=\"attachment_9684\" style=\"width: 1010px\" class=\"wp-caption alignleft\"><img loading=\"lazy\" decoding=\"async\" aria-describedby=\"caption-attachment-9684\" class=\"size-full wp-image-9684\" src=\"http:\/\/pleinformat.free.fr\/wp-content\/uploads\/2023\/10\/DSD_9063_Web.jpg\" alt=\"Villeurbanne oubli\u00e9e - Garage Renault &quot;Auto Petrequin&quot; - rue des Antonins\" width=\"1000\" height=\"563\" srcset=\"https:\/\/pleinformat.pages-perso.free.fr\/wp-content\/uploads\/2023\/10\/DSD_9063_Web.jpg 1000w, https:\/\/pleinformat.pages-perso.free.fr\/wp-content\/uploads\/2023\/10\/DSD_9063_Web-300x169.jpg 300w, https:\/\/pleinformat.pages-perso.free.fr\/wp-content\/uploads\/2023\/10\/DSD_9063_Web-768x432.jpg 768w, https:\/\/pleinformat.pages-perso.free.fr\/wp-content\/uploads\/2023\/10\/DSD_9063_Web-400x225.jpg 400w, https:\/\/pleinformat.pages-perso.free.fr\/wp-content\/uploads\/2023\/10\/DSD_9063_Web-860x484.jpg 860w\" sizes=\"auto, (max-width: 1000px) 100vw, 1000px\" \/><p id=\"caption-attachment-9684\" class=\"wp-caption-text\">5 novembre 2023: 40 rue des Antonins en d\u00e9cembre 2013. Fresque de La Coulure sur le mur du Garage Renault \u00ab\u00a0Auto Petrequin\u00a0\u00bb inaugur\u00e9e en octobre 2010. Aujourd&rsquo;hui le nouveau campus de l&rsquo;AFIP a d\u00e9m\u00e9nag\u00e9 de Grandcl\u00e9ment pour ouvrir ici dans l&rsquo;immeuble \u00ab\u00a0Le Courteline\u00a0\u00bb 4 \u00e9tages \u00e0 la rentr\u00e9e scolaire de septembre 2023.<\/p><\/div>","protected":false},"excerpt":{"rendered":"<p>Notre environnement urbain \u00e9volue sans cesse. Sous l\u2019effet de la pression urbanistique les quartiers se transforment au rythme des d\u00e9molitions, modifications, requalifications, constructions. En conservant une trace num\u00e9rique de l\u2019histoire des lieux, cette rubrique veut \u00eatre un t\u00e9moignage du pass\u00e9 <a class=\"more-link\" href=\"https:\/\/pleinformat.pages-perso.free.fr\/index.php\/villeurbanne-oubliee-25\/\">Lire plus &#8230;<\/a><\/p>\n","protected":false},"author":1,"featured_media":0,"comment_status":"closed","ping_status":"closed","sticky":false,"template":"","format":"standard","meta":{"footnotes":""},"categories":[5],"tags":[],"class_list":["post-9686","post","type-post","status-publish","format-standard","hentry","category-52-a-la-une"],"_links":{"self":[{"href":"https:\/\/pleinformat.pages-perso.free.fr\/index.php\/wp-json\/wp\/v2\/posts\/9686","targetHints":{"allow":["GET"]}}],"collection":[{"href":"https:\/\/pleinformat.pages-perso.free.fr\/index.php\/wp-json\/wp\/v2\/posts"}],"about":[{"href":"https:\/\/pleinformat.pages-perso.free.fr\/index.php\/wp-json\/wp\/v2\/types\/post"}],"author":[{"embeddable":true,"href":"https:\/\/pleinformat.pages-perso.free.fr\/index.php\/wp-json\/wp\/v2\/users\/1"}],"replies":[{"embeddable":true,"href":"https:\/\/pleinformat.pages-perso.free.fr\/index.php\/wp-json\/wp\/v2\/comments?post=9686"}],"version-history":[{"count":0,"href":"https:\/\/pleinformat.pages-perso.free.fr\/index.php\/wp-json\/wp\/v2\/posts\/9686\/revisions"}],"wp:attachment":[{"href":"https:\/\/pleinformat.pages-perso.free.fr\/index.php\/wp-json\/wp\/v2\/media?parent=9686"}],"wp:term":[{"taxonomy":"category","embeddable":true,"href":"https:\/\/pleinformat.pages-perso.free.fr\/index.php\/wp-json\/wp\/v2\/categories?post=9686"},{"taxonomy":"post_tag","embeddable":true,"href":"https:\/\/pleinformat.pages-perso.free.fr\/index.php\/wp-json\/wp\/v2\/tags?post=9686"}],"curies":[{"name":"wp","href":"https:\/\/api.w.org\/{rel}","templated":true}]}}